{"id":197660,"date":"2017-05-19T11:59:45","date_gmt":"2017-05-19T14:59:45","guid":{"rendered":"https:\/\/jundiai.sp.gov.br\/noticias\/?p=197660"},"modified":"2017-05-19T18:42:14","modified_gmt":"2017-05-19T21:42:14","slug":"saude-divulga-novo-balanco-de-vacinacao-contra-influenza","status":"publish","type":"post","link":"https:\/\/jundiai.sp.gov.br\/noticias\/2017\/05\/19\/saude-divulga-novo-balanco-de-vacinacao-contra-influenza\/","title":{"rendered":"Sa\u00fade divulga novo balan\u00e7o de vacina\u00e7\u00e3o contra Influenza"},"content":{"rendered":"<p><strong>A Unidade de Gest\u00e3o de Promo\u00e7\u00e3o de Sa\u00fade (UGPS) apresenta n\u00fameros da vacina\u00e7\u00e3o contra Influenza, de acordo com as doses aplicadas pelo Departamento de Vigil\u00e2ncia Epidemiol\u00f3gica at\u00e9 o dia 18 de maio.<\/strong><\/p>\n<p>Entre os grupos considerados de risco e que dever\u00e3o ser imunizados at\u00e9 o dia 26 de maio: 5.275 doses foram aplicadas em profissionais da sa\u00fade (49,78% da cobertura vacinal) e 35.666 idosos tomaram a vacina (70,87%). As crian\u00e7as somam 8.709 doses j\u00e1 aplicadas (40,71%), quanto \u00e0s gestantes, foram 1.901 vacinas (46,89%). Com uma cobertura vacinal de 72,37%, 482 pu\u00e9rperas foram imunizadas.<\/p>\n<p><strong>LEIA TAMB\u00c9M<\/strong><br \/>\n<a href=\"https:\/\/jundiai.sp.gov.br\/noticias\/2017\/05\/18\/vacinacao-contra-a-febre-amarela-estara-de-volta-a-zona-rural-neste-sabado-20\/\">Vacina\u00e7\u00e3o contra a febre amarela estar\u00e1 de volta neste s\u00e1bado, 20<\/a><\/p>\n<p><strong>At\u00e9 o dia 26 de maio, as doses das vacinas estar\u00e3o dispon\u00edveis em todas as Unidades B\u00e1sicas de Sa\u00fade (UBSs)<\/strong> e Estrat\u00e9gia de Sa\u00fade da Fam\u00edlia (ESF), de segunda a sexta-feira, das 8h30 \u00e0s 16h30. \u00c9 necess\u00e1rio apresentar a carteira de vacina\u00e7\u00e3o ou um documento com foto.<\/p>\n<p>Vale ressaltar que este ano foram inclu\u00eddos entre o grupo de risco educadores (professores, Agentes de Desenvolvimento Infantil, auxiliares de classe, coordenadores e diretores), policiais civis, militares, bombeiros e profissionais que atuam na Defesa Civil, Correios e Poupatempo.<\/p>\n<p><em><strong>Assessoria de Imprensa<br \/>\nFoto: Fot\u00f3grafos PMJ<\/strong><\/em><\/p>\n","protected":false},"excerpt":{"rendered":"<p>At\u00e9 o dia 26 de maio, as doses das vacinas estar\u00e3o dispon\u00edveis em todas as Unidades B\u00e1sicas de Sa\u00fade (UBSs) e Estrat\u00e9gia de Sa\u00fade da Fam\u00edlia (ESF)<\/p>\n","protected":false},"author":30,"featured_media":197664,"comment_status":"closed","ping_status":"closed","sticky":false,"template":"","format":"standard","meta":{"footnotes":""},"categories":[2],"tags":[981,665,740],"ods":[],"class_list":["post-197660","post","type-post","status-publish","format-standard","has-post-thumbnail","hentry","category-noticias","tag-promocao-da-saude","tag-unidade-basica-de-saude-ubs","tag-vigilancia-em-saude"],"_links":{"self":[{"href":"https:\/\/jundiai.sp.gov.br\/noticias\/wp-json\/wp\/v2\/posts\/197660","targetHints":{"allow":["GET"]}}],"collection":[{"href":"https:\/\/jundiai.sp.gov.br\/noticias\/wp-json\/wp\/v2\/posts"}],"about":[{"href":"https:\/\/jundiai.sp.gov.br\/noticias\/wp-json\/wp\/v2\/types\/post"}],"author":[{"embeddable":true,"href":"https:\/\/jundiai.sp.gov.br\/noticias\/wp-json\/wp\/v2\/users\/30"}],"replies":[{"embeddable":true,"href":"https:\/\/jundiai.sp.gov.br\/noticias\/wp-json\/wp\/v2\/comments?post=197660"}],"version-history":[{"count":3,"href":"https:\/\/jundiai.sp.gov.br\/noticias\/wp-json\/wp\/v2\/posts\/197660\/revisions"}],"predecessor-version":[{"id":197666,"href":"https:\/\/jundiai.sp.gov.br\/noticias\/wp-json\/wp\/v2\/posts\/197660\/revisions\/197666"}],"wp:featuredmedia":[{"embeddable":true,"href":"https:\/\/jundiai.sp.gov.br\/noticias\/wp-json\/wp\/v2\/media\/197664"}],"wp:attachment":[{"href":"https:\/\/jundiai.sp.gov.br\/noticias\/wp-json\/wp\/v2\/media?parent=197660"}],"wp:term":[{"taxonomy":"category","embeddable":true,"href":"https:\/\/jundiai.sp.gov.br\/noticias\/wp-json\/wp\/v2\/categories?post=197660"},{"taxonomy":"post_tag","embeddable":true,"href":"https:\/\/jundiai.sp.gov.br\/noticias\/wp-json\/wp\/v2\/tags?post=197660"},{"taxonomy":"ods","embeddable":true,"href":"https:\/\/jundiai.sp.gov.br\/noticias\/wp-json\/wp\/v2\/ods?post=197660"}],"curies":[{"name":"wp","href":"https:\/\/api.w.org\/{rel}","templated":true}]}}