{"id":197714,"date":"2017-05-19T18:10:24","date_gmt":"2017-05-19T21:10:24","guid":{"rendered":"https:\/\/jundiai.sp.gov.br\/noticias\/?p=197714"},"modified":"2017-05-25T19:28:47","modified_gmt":"2017-05-25T22:28:47","slug":"jundiai-tem-programacao-da-semana-do-meio-ambiente","status":"publish","type":"post","link":"https:\/\/jundiai.sp.gov.br\/noticias\/2017\/05\/19\/jundiai-tem-programacao-da-semana-do-meio-ambiente\/","title":{"rendered":"Jundia\u00ed tem programa\u00e7\u00e3o da Semana do Meio Ambiente"},"content":{"rendered":"<p><strong>A Unidade de Planejamento Urbano e Meio Ambiente (UGPUMA) definiu a programa\u00e7\u00e3o oficial da Semana do Meio Ambiente 2017, que este ano tem o rio Jundia\u00ed com um dos focos. Palestras, a\u00e7\u00f5es de educa\u00e7\u00e3o ambiental e exibi\u00e7\u00e3o de v\u00eddeos, dentre outras atividades, ser\u00e3o realizadas em diversos locais da cidade entre os dias 3 e 10 de junho.<\/strong><br \/>\n<strong><br \/>\n<a href=\"https:\/\/jundiai.sp.gov.br\/noticias\/2017\/05\/01\/programacao-semana-do-meio-ambiente\/\" target=\"_blank\">CONFIRA A PROGRAMA\u00c7\u00c3O COMPLETA<\/a><\/strong><\/p>\n<p>A s\u00e9rie de eventos tem in\u00edcio no dia s\u00e1bado (3), com uma oficina de plantas arom\u00e1ticas para servidores p\u00fablicos, das 8h30 \u00e0s 11h30, no Jardim Bot\u00e2nico. No domingo (4), a partir das 8h, ser\u00e1 realizada uma a\u00e7\u00e3o de limpeza no rio Jundia\u00ed-Mirim. A concentra\u00e7\u00e3o ser\u00e1 na avenida Humberto Cereser, 2650.<\/p>\n<p><strong>LEIA TAMB\u00c9M<\/strong><br \/>\n<a href=\"https:\/\/jundiai.sp.gov.br\/noticias\/2017\/05\/12\/paco-e-indicado-como-instalacao-publica-modelo-no-municipio-verde-e-azul\/\">Pa\u00e7o \u00e9 indicado como instala\u00e7\u00e3o modelo no \u2018Munic\u00edpio Verde e Azul\u2019<\/a><br \/>\n<a href=\"https:\/\/jundiai.sp.gov.br\/noticias\/2017\/05\/17\/ftve-e-debea-lancam-campanha-de-adocao-de-caes-e-gatos\/\">FTVE e Debea lan\u00e7am campanha de ado\u00e7\u00e3o de c\u00e3es e gatos<\/a><\/p>\n<p>Na segunda-feira (5), \u00e0s 14h, a programa\u00e7\u00e3o chega ao bairro Vista Alegre por meio do Programa \u201cAbrace uma nascente\u201d, organizado pela Unidade de Infraestrutura e Servi\u00e7os P\u00fablicos. A a\u00e7\u00e3o ser\u00e1 na rua Milton Domingos. No mesmo dia, das 19h \u00e0s 21h, o Museu Solar do Bar\u00e3o recebe uma palestra sobre o rio Jundia\u00ed e seus aspectos hist\u00f3rico-culturais e ambientais, com participa\u00e7\u00e3o do jornalista Jayme Martins e do engenheiro Domenico Tremaroli, da Cetesb.<\/p>\n<p>Tamb\u00e9m no dia 5, ter\u00e1 in\u00edcio a s\u00e9rie de exibi\u00e7\u00f5es de v\u00eddeos com temas ambientais, que vai acontecer at\u00e9 o fim da Semana, na Sala de V\u00eddeos do Museu Solar do Bar\u00e3o. Na ter\u00e7a-feira (6), o \u201cAbrace uma nascente\u201d ser\u00e1 realizado no Vetor Oeste, na avenida Jos\u00e9 Luiz Sereno, em frente ao Terminal Eloy Chaves.<\/p>\n<p>A programa\u00e7\u00e3o completa pode ser conferida <a href=\"https:\/\/jundiai.sp.gov.br\/noticias\/2017\/05\/01\/programacao-semana-do-meio-ambiente\/\" target=\"_blank\">neste link<\/a>.<\/p>\n<p><em><strong>Assessoria de Imprensa<br \/>\nFoto: Fot\u00f3grafos PMJ<\/strong><\/em><\/p>\n","protected":false},"excerpt":{"rendered":"<p>Palestras, a\u00e7\u00f5es de educa\u00e7\u00e3o ambiental e exibi\u00e7\u00e3o de v\u00eddeos, dentre outras atividades, ser\u00e3o realizadas em diversos locais da cidade<\/p>\n","protected":false},"author":30,"featured_media":197717,"comment_status":"closed","ping_status":"closed","sticky":false,"template":"","format":"standard","meta":{"footnotes":""},"categories":[2],"tags":[677,984],"ods":[],"class_list":["post-197714","post","type-post","status-publish","format-standard","has-post-thumbnail","hentry","category-noticias","tag-dia-mundial-do-meio-ambiente","tag-planejamento-urbano-e-meio-ambiente"],"_links":{"self":[{"href":"https:\/\/jundiai.sp.gov.br\/noticias\/wp-json\/wp\/v2\/posts\/197714","targetHints":{"allow":["GET"]}}],"collection":[{"href":"https:\/\/jundiai.sp.gov.br\/noticias\/wp-json\/wp\/v2\/posts"}],"about":[{"href":"https:\/\/jundiai.sp.gov.br\/noticias\/wp-json\/wp\/v2\/types\/post"}],"author":[{"embeddable":true,"href":"https:\/\/jundiai.sp.gov.br\/noticias\/wp-json\/wp\/v2\/users\/30"}],"replies":[{"embeddable":true,"href":"https:\/\/jundiai.sp.gov.br\/noticias\/wp-json\/wp\/v2\/comments?post=197714"}],"version-history":[{"count":6,"href":"https:\/\/jundiai.sp.gov.br\/noticias\/wp-json\/wp\/v2\/posts\/197714\/revisions"}],"predecessor-version":[{"id":197783,"href":"https:\/\/jundiai.sp.gov.br\/noticias\/wp-json\/wp\/v2\/posts\/197714\/revisions\/197783"}],"wp:featuredmedia":[{"embeddable":true,"href":"https:\/\/jundiai.sp.gov.br\/noticias\/wp-json\/wp\/v2\/media\/197717"}],"wp:attachment":[{"href":"https:\/\/jundiai.sp.gov.br\/noticias\/wp-json\/wp\/v2\/media?parent=197714"}],"wp:term":[{"taxonomy":"category","embeddable":true,"href":"https:\/\/jundiai.sp.gov.br\/noticias\/wp-json\/wp\/v2\/categories?post=197714"},{"taxonomy":"post_tag","embeddable":true,"href":"https:\/\/jundiai.sp.gov.br\/noticias\/wp-json\/wp\/v2\/tags?post=197714"},{"taxonomy":"ods","embeddable":true,"href":"https:\/\/jundiai.sp.gov.br\/noticias\/wp-json\/wp\/v2\/ods?post=197714"}],"curies":[{"name":"wp","href":"https:\/\/api.w.org\/{rel}","templated":true}]}}