{"id":197744,"date":"2017-05-19T18:55:48","date_gmt":"2017-05-19T21:55:48","guid":{"rendered":"https:\/\/jundiai.sp.gov.br\/noticias\/?p=197744"},"modified":"2017-05-19T18:55:48","modified_gmt":"2017-05-19T21:55:48","slug":"profissionais-de-atencao-basica-participam-de-capacitacao-sobre-guia-alimentar","status":"publish","type":"post","link":"https:\/\/jundiai.sp.gov.br\/noticias\/2017\/05\/19\/profissionais-de-atencao-basica-participam-de-capacitacao-sobre-guia-alimentar\/","title":{"rendered":"Profissionais de Aten\u00e7\u00e3o B\u00e1sica participam de capacita\u00e7\u00e3o sobre guia alimentar"},"content":{"rendered":"<div id=\"attachment_197747\" style=\"width: 410px\" class=\"wp-caption alignleft\"><a href=\"https:\/\/jundiai.sp.gov.br\/noticias\/wp-content\/uploads\/sites\/32\/2017\/05\/palestra-guia-alimentar-8.jpg\"><img loading=\"lazy\" decoding=\"async\" aria-describedby=\"caption-attachment-197747\" src=\"https:\/\/jundiai.sp.gov.br\/noticias\/wp-content\/uploads\/sites\/32\/2017\/05\/palestra-guia-alimentar-8.jpg\" alt=\"\" width=\"400\" height=\"350\" class=\"size-full wp-image-197747\" \/><\/a><p id=\"caption-attachment-197747\" class=\"wp-caption-text\">Profissionais de Aten\u00e7\u00e3o B\u00e1sica recebem capacita\u00e7\u00e3o sobre Guia de Alimenta\u00e7\u00e3o Saud\u00e1vel<br \/><\/p><\/div>\n<p><strong>Ap\u00f3s parceria firmada com o N\u00facleo de Pesquisa Epidemiol\u00f3gica em Nutri\u00e7\u00e3o e Sa\u00fade (NUPENS) da Faculdade de Sa\u00fade P\u00fablica da Universidade de S\u00e3o Paulo (USP), a Unidade de Gest\u00e3o de Promo\u00e7\u00e3o de Sa\u00fade (UGPS) concluiu, nesta sexta-feira (19), a capacita\u00e7\u00e3o realizada junto aos profissionais da Aten\u00e7\u00e3o B\u00e1sica do N\u00facleo de Apoio \u00e0 Sa\u00fade da Fam\u00edlia (Nasf) e referenciais das Unidades B\u00e1sicas de Sa\u00fade (UBS) sobre os novos princ\u00edpios e recomenda\u00e7\u00f5es do Guia Alimentar.<\/strong><\/p>\n<p><strong>LEIA TAMB\u00c9M<\/strong><br \/>\n<a href=\"https:\/\/jundiai.sp.gov.br\/noticias\/2017\/05\/18\/vacinacao-contra-a-febre-amarela-estara-de-volta-a-zona-rural-neste-sabado-20\/\">Vacina\u00e7\u00e3o contra a febre amarela estar\u00e1 de volta neste s\u00e1bado, 20<\/a><br \/>\n<a href=\"https:\/\/jundiai.sp.gov.br\/noticias\/2017\/05\/19\/saude-divulga-novo-balanco-de-vacinacao-contra-influenza\/\">Sa\u00fade divulga novo balan\u00e7o de vacina\u00e7\u00e3o contra Influenza<\/a><\/p>\n<p>A iniciativa coloca Jundia\u00ed \u00e0 frente dos demais munic\u00edpios, ao habilitar os profissionais da sa\u00fade para que, a partir de agora, se tornem replicadores de informa\u00e7\u00f5es que contribuam para a redu\u00e7\u00e3o do sobrepeso e obesidade registrados em todas as faixas et\u00e1rias, assim como doen\u00e7as cr\u00f4nicas consideradas a principal causa de morte entre adultos.<\/p>\n<p>\u201cPara o enfrentamento desse cen\u00e1rio, \u00e9 necess\u00e1ria a amplia\u00e7\u00e3o de a\u00e7\u00f5es intersetoriais que repercutam positivamente sobre os diversos determinantes da sa\u00fade e nutri\u00e7\u00e3o\u201d, explica a professora de nutri\u00e7\u00e3o da NUPENS, Patr\u00edcia Jaime. Ela coordena a pesquisa cient\u00edfica que desenvolveu o protocolo da oficina permanente implantada em Jundia\u00ed para o Guia Alimentar Para a Popula\u00e7\u00e3o Brasileira 2016.<\/p>\n<p>Segundo Rita de C\u00e1ssia Francesco, assessora t\u00e9cnica do Programa da Primeir\u00edssima Inf\u00e2ncia, o guia alimentar foi elaborado pelo Minist\u00e9rio da Sa\u00fade, em parceria com a Universidade do Canad\u00e1 e configura-se como instrumento de apoio \u00e0s a\u00e7\u00f5es de educa\u00e7\u00e3o alimentar e nutricional no Sistema \u00danico de Sa\u00fade (SUS). \u201cA partir de agora estes agentes ser\u00e3o multiplicadores de informa\u00e7\u00f5es e estes devem levar a base deste guia alimentar para a popula\u00e7\u00e3o\u201d, explica.<\/p>\n<p><div id=\"attachment_197748\" style=\"width: 410px\" class=\"wp-caption alignright\"><a href=\"https:\/\/jundiai.sp.gov.br\/noticias\/wp-content\/uploads\/sites\/32\/2017\/05\/Patr\u00edcia-Serafim-Cl\u00e1udia-Tramontt-Priscila-Pereira-Machado-Doutoras-USP-Nutri\u00e7\u00e3o-2.jpg\"><img loading=\"lazy\" decoding=\"async\" aria-describedby=\"caption-attachment-197748\" src=\"https:\/\/jundiai.sp.gov.br\/noticias\/wp-content\/uploads\/sites\/32\/2017\/05\/Patr\u00edcia-Serafim-Cl\u00e1udia-Tramontt-Priscila-Pereira-Machado-Doutoras-USP-Nutri\u00e7\u00e3o-2.jpg\" alt=\"\" width=\"400\" height=\"350\" class=\"size-full wp-image-197748\" srcset=\"https:\/\/jundiai.sp.gov.br\/noticias\/wp-content\/uploads\/sites\/32\/2017\/05\/Patr\u00edcia-Serafim-Cl\u00e1udia-Tramontt-Priscila-Pereira-Machado-Doutoras-USP-Nutri\u00e7\u00e3o-2.jpg 1240w, https:\/\/jundiai.sp.gov.br\/noticias\/wp-content\/uploads\/sites\/32\/2017\/05\/Patr\u00edcia-Serafim-Cl\u00e1udia-Tramontt-Priscila-Pereira-Machado-Doutoras-USP-Nutri\u00e7\u00e3o-2-300x263.jpg 300w, https:\/\/jundiai.sp.gov.br\/noticias\/wp-content\/uploads\/sites\/32\/2017\/05\/Patr\u00edcia-Serafim-Cl\u00e1udia-Tramontt-Priscila-Pereira-Machado-Doutoras-USP-Nutri\u00e7\u00e3o-2-768x672.jpg 768w, https:\/\/jundiai.sp.gov.br\/noticias\/wp-content\/uploads\/sites\/32\/2017\/05\/Patr\u00edcia-Serafim-Cl\u00e1udia-Tramontt-Priscila-Pereira-Machado-Doutoras-USP-Nutri\u00e7\u00e3o-2-1097x960.jpg 1097w\" sizes=\"auto, (max-width: 400px) 100vw, 400px\" \/><\/a><p id=\"caption-attachment-197748\" class=\"wp-caption-text\">Guia de Alimenta\u00e7\u00e3o Saud\u00e1vel deve ajudar a diminuir \u00edndices de obesidade e diabetes, entre outras doen\u00e7as<br \/><\/p><\/div><strong>Alimenta\u00e7\u00e3o e nutri\u00e7\u00e3o<\/strong><br \/>\nEste material tem por objetivo apoiar o planejamento e o desenvolvimento de a\u00e7\u00f5es coletivas de promo\u00e7\u00e3o da alimenta\u00e7\u00e3o adequada e saud\u00e1vel no Sistema \u00danico de Sa\u00fade (SUS), em especial na Aten\u00e7\u00e3o B\u00e1sica. Esta promo\u00e7\u00e3o faz parte dos cuidados da aten\u00e7\u00e3o nutricional e deve estar associada \u00e0s demais a\u00e7\u00f5es de aten\u00e7\u00e3o \u00e0 sa\u00fade do SUS, contribuindo para o enfrentamento do atual cen\u00e1rio epidemiol\u00f3gico, representado pelo aumento significativo de doen\u00e7as cr\u00f4nicas n\u00e3o transmiss\u00edveis (DCNT) e importantes mudan\u00e7as no consumo alimentar do jundiaiense.<\/p>\n<p>Assim, pretende ser um orientador da mudan\u00e7a de pr\u00e1tica no que se refere \u00e0 abordagem da promo\u00e7\u00e3o da sa\u00fade, apresentando propostas de metodologias com suporte te\u00f3rico e pr\u00e1tico para o desenvolvimento das a\u00e7\u00f5es. Espera-se que os conte\u00fados abordados ajudem na tarefa e no compromisso cotidiano dos gestores e trabalhadores do SUS, a fim de que se transformem em multiplicadores e criadores de estrat\u00e9gias para a promo\u00e7\u00e3o da sa\u00fade de todos.<\/p>\n<p><em><strong>Assessoria de Imprensa<br \/>\nFotos: Fot\u00f3grafos PMJ<\/strong><\/em><\/p>\n","protected":false},"excerpt":{"rendered":"<p>Ap\u00f3s parceria firmada com o N\u00facleo de Pesquisa Epidemiol\u00f3gica em Nutri\u00e7\u00e3o e Sa\u00fade (NUPENS) da Faculdade de Sa\u00fade P\u00fablica da Universidade de S\u00e3o Paulo (USP), a Unidade de Gest\u00e3o de Promo\u00e7\u00e3o de Sa\u00fade (UGPS) concluiu, nesta sexta-feira (19), a capacita\u00e7\u00e3o realizada junto aos profissionais da Aten\u00e7\u00e3o B\u00e1sica do N\u00facleo de Apoio \u00e0 Sa\u00fade da Fam\u00edlia [&hellip;]<\/p>\n","protected":false},"author":30,"featured_media":0,"comment_status":"closed","ping_status":"closed","sticky":false,"template":"","format":"standard","meta":{"footnotes":""},"categories":[2],"tags":[981,665],"ods":[],"class_list":["post-197744","post","type-post","status-publish","format-standard","hentry","category-noticias","tag-promocao-da-saude","tag-unidade-basica-de-saude-ubs"],"_links":{"self":[{"href":"https:\/\/jundiai.sp.gov.br\/noticias\/wp-json\/wp\/v2\/posts\/197744","targetHints":{"allow":["GET"]}}],"collection":[{"href":"https:\/\/jundiai.sp.gov.br\/noticias\/wp-json\/wp\/v2\/posts"}],"about":[{"href":"https:\/\/jundiai.sp.gov.br\/noticias\/wp-json\/wp\/v2\/types\/post"}],"author":[{"embeddable":true,"href":"https:\/\/jundiai.sp.gov.br\/noticias\/wp-json\/wp\/v2\/users\/30"}],"replies":[{"embeddable":true,"href":"https:\/\/jundiai.sp.gov.br\/noticias\/wp-json\/wp\/v2\/comments?post=197744"}],"version-history":[{"count":6,"href":"https:\/\/jundiai.sp.gov.br\/noticias\/wp-json\/wp\/v2\/posts\/197744\/revisions"}],"predecessor-version":[{"id":197752,"href":"https:\/\/jundiai.sp.gov.br\/noticias\/wp-json\/wp\/v2\/posts\/197744\/revisions\/197752"}],"wp:attachment":[{"href":"https:\/\/jundiai.sp.gov.br\/noticias\/wp-json\/wp\/v2\/media?parent=197744"}],"wp:term":[{"taxonomy":"category","embeddable":true,"href":"https:\/\/jundiai.sp.gov.br\/noticias\/wp-json\/wp\/v2\/categories?post=197744"},{"taxonomy":"post_tag","embeddable":true,"href":"https:\/\/jundiai.sp.gov.br\/noticias\/wp-json\/wp\/v2\/tags?post=197744"},{"taxonomy":"ods","embeddable":true,"href":"https:\/\/jundiai.sp.gov.br\/noticias\/wp-json\/wp\/v2\/ods?post=197744"}],"curies":[{"name":"wp","href":"https:\/\/api.w.org\/{rel}","templated":true}]}}