{"id":197858,"date":"2017-05-22T18:08:17","date_gmt":"2017-05-22T21:08:17","guid":{"rendered":"https:\/\/jundiai.sp.gov.br\/noticias\/?p=197858"},"modified":"2020-11-03T14:44:25","modified_gmt":"2020-11-03T17:44:25","slug":"prevencao-em-seguranca-publica-e-tema-de-palestra-no-senac","status":"publish","type":"post","link":"https:\/\/jundiai.sp.gov.br\/noticias\/2017\/05\/22\/prevencao-em-seguranca-publica-e-tema-de-palestra-no-senac\/","title":{"rendered":"Preven\u00e7\u00e3o em Seguran\u00e7a P\u00fablica \u00e9 tema de palestra no Senac"},"content":{"rendered":"<p><strong>O comandante da Guarda Municipal de Jundia\u00ed (GMJ), Cl\u00e1udio Ferigato \u2013 a convite do presidente do Conselho Comunit\u00e1rio de Seguran\u00e7a (Conseg) Bar\u00e3o de Jundiahy, Jos\u00e9 Henrique de Oliveira Coelho, ministrar\u00e1 palestra sobre preven\u00e7\u00e3o em seguran\u00e7a, nesta ter\u00e7a-feira (23), a partir das 19h30, no Audit\u00f3rio do Senac Jundia\u00ed (Rua Vicente Magaglio, 50 \u2013 Jardim Paulista). O encontro refor\u00e7a o compromisso da administra\u00e7\u00e3o municipal de garantir a seguran\u00e7a e o bem-estar da popula\u00e7\u00e3o jundiaiense, com orienta\u00e7\u00e3o e presta\u00e7\u00e3o de servi\u00e7os de maneira efetiva e pontual.<\/strong><\/p>\n<p><strong>LEIA TAMB\u00c9M<\/strong><br \/>\n<a href=\"https:\/\/jundiai.sp.gov.br\/noticias\/2017\/05\/22\/divisao-florestal-participa-de-treinamento-para-combate-a-incendio\/\">Divis\u00e3o Florestal participa de treinamento para combate a inc\u00eandio<\/a><br \/>\n<a href=\"https:\/\/jundiai.sp.gov.br\/noticias\/2017\/05\/19\/gmj-participa-de-reuniao-do-conseg-para-definir-novas-acoes\/\">GMJ participa de reuni\u00e3o do Conseg para definir novas a\u00e7\u00f5es<\/a><\/p>\n<p>Dentre os temas a serem abordados destacam-se: orienta\u00e7\u00f5es e dicas de como a popula\u00e7\u00e3o deve se comportar no dia a dia em lugares p\u00fablicos e locais de grande concentra\u00e7\u00e3o, buscando proteger-se da viol\u00eancia e criminalidade; o uso e tr\u00e1fico de entorpecentes; a import\u00e2ncia do programa &#8220;Crack, \u00e9 Poss\u00edvel Vencer&#8221;; o projeto &#8220;C\u00e2mera Cidad\u00e3&#8221;, uma parceria entre os moradores da regi\u00e3o compreendida pelo Conseg e a Guarda Municipal de Jundia\u00ed \u2013 mais uma ferramenta de apoio ao Programa Vizinhan\u00e7a Solid\u00e1ria (PVS) implantado na comunidade.<\/p>\n<p><em><strong>Assessoria de Imprensa GMJ<br \/>\nFoto: Assessoria de Imprensa GMJ<\/strong><\/em><\/p>\n","protected":false},"excerpt":{"rendered":"<p>O comandante da Guarda Municipal de Jundia\u00ed (GMJ), Cl\u00e1udio Ferigato \u2013 a convite do presidente do Conselho Comunit\u00e1rio de Seguran\u00e7a (Conseg) Bar\u00e3o de Jundiahy, Jos\u00e9 Henrique de Oliveira Coelho, ministrar\u00e1 palestra sobre preven\u00e7\u00e3o em seguran\u00e7a, nesta ter\u00e7a-feira (23), a partir das 19h30, no Audit\u00f3rio do Senac Jundia\u00ed (Rua Vicente Magaglio, 50 \u2013 Jardim Paulista). O [&hellip;]<\/p>\n","protected":false},"author":30,"featured_media":0,"comment_status":"closed","ping_status":"closed","sticky":false,"template":"","format":"standard","meta":{"footnotes":""},"categories":[2],"tags":[178,31,252],"ods":[],"class_list":["post-197858","post","type-post","status-publish","format-standard","hentry","category-noticias","tag-conselho-de-seguranca-barao-de-jundiahy-conseg","tag-guarda-municipal","tag-senac"],"_links":{"self":[{"href":"https:\/\/jundiai.sp.gov.br\/noticias\/wp-json\/wp\/v2\/posts\/197858","targetHints":{"allow":["GET"]}}],"collection":[{"href":"https:\/\/jundiai.sp.gov.br\/noticias\/wp-json\/wp\/v2\/posts"}],"about":[{"href":"https:\/\/jundiai.sp.gov.br\/noticias\/wp-json\/wp\/v2\/types\/post"}],"author":[{"embeddable":true,"href":"https:\/\/jundiai.sp.gov.br\/noticias\/wp-json\/wp\/v2\/users\/30"}],"replies":[{"embeddable":true,"href":"https:\/\/jundiai.sp.gov.br\/noticias\/wp-json\/wp\/v2\/comments?post=197858"}],"version-history":[{"count":9,"href":"https:\/\/jundiai.sp.gov.br\/noticias\/wp-json\/wp\/v2\/posts\/197858\/revisions"}],"predecessor-version":[{"id":257371,"href":"https:\/\/jundiai.sp.gov.br\/noticias\/wp-json\/wp\/v2\/posts\/197858\/revisions\/257371"}],"wp:attachment":[{"href":"https:\/\/jundiai.sp.gov.br\/noticias\/wp-json\/wp\/v2\/media?parent=197858"}],"wp:term":[{"taxonomy":"category","embeddable":true,"href":"https:\/\/jundiai.sp.gov.br\/noticias\/wp-json\/wp\/v2\/categories?post=197858"},{"taxonomy":"post_tag","embeddable":true,"href":"https:\/\/jundiai.sp.gov.br\/noticias\/wp-json\/wp\/v2\/tags?post=197858"},{"taxonomy":"ods","embeddable":true,"href":"https:\/\/jundiai.sp.gov.br\/noticias\/wp-json\/wp\/v2\/ods?post=197858"}],"curies":[{"name":"wp","href":"https:\/\/api.w.org\/{rel}","templated":true}]}}