{"id":197921,"date":"2017-05-23T16:29:09","date_gmt":"2017-05-23T19:29:09","guid":{"rendered":"https:\/\/jundiai.sp.gov.br\/noticias\/?p=197921"},"modified":"2017-05-23T16:35:52","modified_gmt":"2017-05-23T19:35:52","slug":"fundo-social-realiza-mais-uma-edicao-do-mc-tour","status":"publish","type":"post","link":"https:\/\/jundiai.sp.gov.br\/noticias\/2017\/05\/23\/fundo-social-realiza-mais-uma-edicao-do-mc-tour\/","title":{"rendered":"Fundo Social realiza mais uma edi\u00e7\u00e3o do Mc Tour"},"content":{"rendered":"<p><div id=\"attachment_197922\" style=\"width: 410px\" class=\"wp-caption alignright\"><a href=\"https:\/\/jundiai.sp.gov.br\/noticias\/wp-content\/uploads\/sites\/32\/2017\/05\/MG_2545.jpg\"><img loading=\"lazy\" decoding=\"async\" aria-describedby=\"caption-attachment-197922\" src=\"https:\/\/jundiai.sp.gov.br\/noticias\/wp-content\/uploads\/sites\/32\/2017\/05\/MG_2545.jpg\" alt=\"\" width=\"400\" height=\"350\" class=\"size-full wp-image-197922\" \/><\/a><p id=\"caption-attachment-197922\" class=\"wp-caption-text\">Vanessa Machado: Permitir o acesso, integrar e, acima de tudo, educar s\u00e3o prioridades nesta gest\u00e3o<\/p><\/div><strong>A manh\u00e3 de ter\u00e7a-feira (23), foi de aprendizado e divers\u00e3o para mais de 20 crian\u00e7as assistidas pelo Centro Comunit\u00e1rio do Jardim Sorocabana. A garotada participou da segunda edi\u00e7\u00e3o do projeto Mc Tour, promovido pelo <a href=\"https:\/\/www.facebook.com\/fundosocialsolidariedadedejundiai\/\" target=\"_blank\">Fundo Social de Solidariedade de Jundia\u00ed<\/a>, em parceria com o restaurante Mc Donald\u2019s \u2013 Nove de Julho, <a href=\"https:\/\/www.daejundiai.com.br\/\" target=\"_blank\">DAE Jundia\u00ed<\/a> e <a href=\"http:\/\/fumas.jundiai.sp.gov.br\/\" target=\"_blank\">FUMAS<\/a>.<\/strong><\/p>\n<p><strong>LEIA TAMB\u00c9M<\/strong><br \/>\n<a href=\"https:\/\/jundiai.sp.gov.br\/noticias\/2017\/05\/19\/caminhada-do-procon-e-adiada-para-o-dia-28\/\">Caminhada do Procon \u00e9 adiada para domingo (28)<\/a><\/p>\n<p>O passeio come\u00e7ou com uma visita ao Parque da Cidade, principal ponto tur\u00edstico de Jundia\u00ed, que margeia a represa respons\u00e1vel pelo abastecimento do munic\u00edpio e contribui na preserva\u00e7\u00e3o dos recursos h\u00eddricos. Para despertar a aten\u00e7\u00e3o dos pequenos para a necessidade de cuidar da natureza, foram desenvolvidas brincadeiras e gincanas em meio \u00e0 \u00e1rea verde. \u201cEu adorei esse lugar. Nos divertimos muito\u201d, disse Maycon Claudino da Silva, de 8 anos.<\/p>\n<p>A presidente do Fundo Social, Vanessa Machado, participou da programa\u00e7\u00e3o com a garotada: \u201cProporcionar esta oportunidade \u00e0s crian\u00e7as \u00e9 muito importante. Permitir o acesso, integrar e, acima de tudo, educar s\u00e3o prioridades nesta gest\u00e3o\u201d.<\/p>\n<p><div id=\"attachment_197928\" style=\"width: 410px\" class=\"wp-caption alignleft\"><a href=\"https:\/\/jundiai.sp.gov.br\/noticias\/wp-content\/uploads\/sites\/32\/2017\/05\/MG_3027.jpg\"><img loading=\"lazy\" decoding=\"async\" aria-describedby=\"caption-attachment-197928\" src=\"https:\/\/jundiai.sp.gov.br\/noticias\/wp-content\/uploads\/sites\/32\/2017\/05\/MG_3027.jpg\" alt=\"\" width=\"400\" height=\"350\" class=\"size-full wp-image-197928\" \/><\/a><p id=\"caption-attachment-197928\" class=\"wp-caption-text\">Programa\u00e7\u00e3o contou com passeio no Mc Donald\u2019s<br \/><\/p><\/div>Depois das brincadeiras ao ar livre, a divers\u00e3o seguiu para o restaurante Mc Donald\u2019s, na avenida 9 de Julho, onde as crian\u00e7as tamb\u00e9m receberam lanche, batata frita, refrigerante e sobremesa. Maria L\u00facia Cavalcante da Silva \u00e9 volunt\u00e1ria no Centro Comunit\u00e1rio do Jardim Sorocabana h\u00e1 mais de cinco anos e acompanhou o grupo durante a excurs\u00e3o. M\u00e3e de Emili da Silva, de 10 anos, e Fabr\u00edcio da Silva, de 8 anos, a dona de casa conta que esta foi a primeira visita dos filhos ao restaurante. \u201cNunca tivemos a chance de lev\u00e1-los porque aperta o or\u00e7amento da nossa casa. Por isso, quando eles souberam do passeio, n\u00e3o conseguiram esconder a ansiedade. Fiquei feliz por eles\u201d, disse.<\/p>\n<p><em><strong>Assessoria de Imprensa<br \/>\nFotos: Fot\u00f3grafos PMJ<\/strong><\/em><\/p>\n","protected":false},"excerpt":{"rendered":"<p>A manh\u00e3 de ter\u00e7a-feira (23), foi de aprendizado e divers\u00e3o para mais de 20 crian\u00e7as assistidas pelo Centro Comunit\u00e1rio do Jardim Sorocabana. A garotada participou da segunda edi\u00e7\u00e3o do projeto Mc Tour, promovido pelo Fundo Social de Solidariedade de Jundia\u00ed, em parceria com o restaurante Mc Donald\u2019s \u2013 Nove de Julho, DAE Jundia\u00ed e FUMAS. [&hellip;]<\/p>\n","protected":false},"author":30,"featured_media":0,"comment_status":"closed","ping_status":"closed","sticky":false,"template":"","format":"standard","meta":{"footnotes":""},"categories":[2],"tags":[66,49,416,47],"ods":[],"class_list":["post-197921","post","type-post","status-publish","format-standard","hentry","category-noticias","tag-dae","tag-fundacao-municipal-de-acao-social-fumas","tag-fundo-social-de-solidariedade-funss","tag-parque-da-cidade"],"_links":{"self":[{"href":"https:\/\/jundiai.sp.gov.br\/noticias\/wp-json\/wp\/v2\/posts\/197921","targetHints":{"allow":["GET"]}}],"collection":[{"href":"https:\/\/jundiai.sp.gov.br\/noticias\/wp-json\/wp\/v2\/posts"}],"about":[{"href":"https:\/\/jundiai.sp.gov.br\/noticias\/wp-json\/wp\/v2\/types\/post"}],"author":[{"embeddable":true,"href":"https:\/\/jundiai.sp.gov.br\/noticias\/wp-json\/wp\/v2\/users\/30"}],"replies":[{"embeddable":true,"href":"https:\/\/jundiai.sp.gov.br\/noticias\/wp-json\/wp\/v2\/comments?post=197921"}],"version-history":[{"count":8,"href":"https:\/\/jundiai.sp.gov.br\/noticias\/wp-json\/wp\/v2\/posts\/197921\/revisions"}],"predecessor-version":[{"id":197935,"href":"https:\/\/jundiai.sp.gov.br\/noticias\/wp-json\/wp\/v2\/posts\/197921\/revisions\/197935"}],"wp:attachment":[{"href":"https:\/\/jundiai.sp.gov.br\/noticias\/wp-json\/wp\/v2\/media?parent=197921"}],"wp:term":[{"taxonomy":"category","embeddable":true,"href":"https:\/\/jundiai.sp.gov.br\/noticias\/wp-json\/wp\/v2\/categories?post=197921"},{"taxonomy":"post_tag","embeddable":true,"href":"https:\/\/jundiai.sp.gov.br\/noticias\/wp-json\/wp\/v2\/tags?post=197921"},{"taxonomy":"ods","embeddable":true,"href":"https:\/\/jundiai.sp.gov.br\/noticias\/wp-json\/wp\/v2\/ods?post=197921"}],"curies":[{"name":"wp","href":"https:\/\/api.w.org\/{rel}","templated":true}]}}