{"id":198266,"date":"2017-05-26T19:34:35","date_gmt":"2017-05-26T22:34:35","guid":{"rendered":"https:\/\/jundiai.sp.gov.br\/noticias\/?p=198266"},"modified":"2017-05-30T18:43:05","modified_gmt":"2017-05-30T21:43:05","slug":"campanha-de-vacinacao-contra-a-gripe-e-prorrogada-ate-9-de-junho","status":"publish","type":"post","link":"https:\/\/jundiai.sp.gov.br\/noticias\/2017\/05\/26\/campanha-de-vacinacao-contra-a-gripe-e-prorrogada-ate-9-de-junho\/","title":{"rendered":"Campanha de vacina\u00e7\u00e3o contra a gripe \u00e9 prorrogada at\u00e9 9 de junho"},"content":{"rendered":"<p><strong>Quem faz parte do grupo priorit\u00e1rio e ainda n\u00e3o se vacinou contra a gripe, tem agora at\u00e9 o dia 09 de junho para ir a uma Unidade B\u00e1sica de Sa\u00fade (UBS), das 8h30 \u00e0s 16h30, e garantir a sua prote\u00e7\u00e3o.<\/strong><\/p>\n<p>O p\u00fablico-alvo continua sendo crian\u00e7as de seis meses a cinco anos, gestantes, pu\u00e9rperas (mulheres que est\u00e3o no per\u00edodo de at\u00e9 45 dias ap\u00f3s o parto), idosos, profissionais de sa\u00fade. Este ano, a Secretaria de Sa\u00fade do Estado de S\u00e3o Paulo ampliou a cobertura para educadores, policiais civis e militares, bombeiros, funcion\u00e1rios da Defensoria P\u00fablica, promotores do Minist\u00e9rio P\u00fablico, procurador da Procuradoria Geral e Guardas Municipais.<\/p>\n<p><strong>LEIA TAMB\u00c9M<\/strong><br \/>\n<a href=\"https:\/\/jundiai.sp.gov.br\/noticias\/2017\/05\/25\/uti-neonatal-do-hu-ja-esta-de-portas-abertas\/\">UTI Neonatal do HU j\u00e1 est\u00e1 de portas abertas<\/a><\/p>\n<p>Em Jundia\u00ed, de 17 de abril a 26 de maio, a campanha de vacina\u00e7\u00e3o contra a Influenza imunizou 81.491 pessoas. De acordo com o \u00faltimo levantamento realizado pela Vigil\u00e2ncia Epidemiol\u00f3gica, 8.821 doses foram aplicadas em profissionais da sa\u00fade (83,24% cobertura vacinal) e 39.704 idosos tomaram a vacina (78,89%). Entre as crian\u00e7as, 10.505 doses j\u00e1 foram aplicadas (49,11%) e entre as gestantes, foram 2.180 vacinas (53,77%). Com uma cobertura vacinal de 81,53%, 543 pu\u00e9rperas foram imunizadas.<\/p>\n<p>Vale refor\u00e7ar que a vacina disponibilizada protege contra os tr\u00eas subtipos do v\u00edrus da gripe determinados pela Organiza\u00e7\u00e3o Mundial de Sa\u00fade (OMS) para este ano (A\/H1N1; A\/H3N2 e influenza B). Al\u00e9m de segura, a vacina \u00e9 considerada uma das medidas mais eficazes na preven\u00e7\u00e3o de complica\u00e7\u00f5es e casos graves de gripe.<\/p>\n<p>Estudos demonstram que a vacina\u00e7\u00e3o pode reduzir entre 32% e 45% o n\u00famero de hospitaliza\u00e7\u00f5es por pneumonias e de 39% a 75% a mortalidade por complica\u00e7\u00f5es da Influenza. Como o organismo leva, em m\u00e9dia, de duas a tr\u00eas semanas para criar os anticorpos que geram prote\u00e7\u00e3o contra a gripe ap\u00f3s a vacina\u00e7\u00e3o, o ideal \u00e9 realizar a imuniza\u00e7\u00e3o antes do in\u00edcio do inverno. O per\u00edodo de maior circula\u00e7\u00e3o da gripe vai do final de maio at\u00e9 agosto.<\/p>\n<p>Para tomar a vacina basta comparecer a UBS mais pr\u00f3xima de sua resid\u00eancia munido da carteira de vacina\u00e7\u00e3o (se tiver). Para os grupos rec\u00e9m-inclu\u00eddos \u00e9 necess\u00e1ria a apresenta\u00e7\u00e3o de um comprovante do exerc\u00edcio da profiss\u00e3o.<\/p>\n<p><em><strong>Assessoria de Imprensa<\/strong><\/em><\/p>\n","protected":false},"excerpt":{"rendered":"<p>Quem faz parte do grupo priorit\u00e1rio e ainda n\u00e3o se vacinou contra a gripe, tem agora at\u00e9 o dia 09 de junho para se imunizar<\/p>\n","protected":false},"author":30,"featured_media":197661,"comment_status":"closed","ping_status":"closed","sticky":false,"template":"","format":"standard","meta":{"footnotes":""},"categories":[2],"tags":[981,665,317],"ods":[],"class_list":["post-198266","post","type-post","status-publish","format-standard","has-post-thumbnail","hentry","category-noticias","tag-promocao-da-saude","tag-unidade-basica-de-saude-ubs","tag-vigilancia-epidemiologica"],"_links":{"self":[{"href":"https:\/\/jundiai.sp.gov.br\/noticias\/wp-json\/wp\/v2\/posts\/198266","targetHints":{"allow":["GET"]}}],"collection":[{"href":"https:\/\/jundiai.sp.gov.br\/noticias\/wp-json\/wp\/v2\/posts"}],"about":[{"href":"https:\/\/jundiai.sp.gov.br\/noticias\/wp-json\/wp\/v2\/types\/post"}],"author":[{"embeddable":true,"href":"https:\/\/jundiai.sp.gov.br\/noticias\/wp-json\/wp\/v2\/users\/30"}],"replies":[{"embeddable":true,"href":"https:\/\/jundiai.sp.gov.br\/noticias\/wp-json\/wp\/v2\/comments?post=198266"}],"version-history":[{"count":3,"href":"https:\/\/jundiai.sp.gov.br\/noticias\/wp-json\/wp\/v2\/posts\/198266\/revisions"}],"predecessor-version":[{"id":198269,"href":"https:\/\/jundiai.sp.gov.br\/noticias\/wp-json\/wp\/v2\/posts\/198266\/revisions\/198269"}],"wp:featuredmedia":[{"embeddable":true,"href":"https:\/\/jundiai.sp.gov.br\/noticias\/wp-json\/wp\/v2\/media\/197661"}],"wp:attachment":[{"href":"https:\/\/jundiai.sp.gov.br\/noticias\/wp-json\/wp\/v2\/media?parent=198266"}],"wp:term":[{"taxonomy":"category","embeddable":true,"href":"https:\/\/jundiai.sp.gov.br\/noticias\/wp-json\/wp\/v2\/categories?post=198266"},{"taxonomy":"post_tag","embeddable":true,"href":"https:\/\/jundiai.sp.gov.br\/noticias\/wp-json\/wp\/v2\/tags?post=198266"},{"taxonomy":"ods","embeddable":true,"href":"https:\/\/jundiai.sp.gov.br\/noticias\/wp-json\/wp\/v2\/ods?post=198266"}],"curies":[{"name":"wp","href":"https:\/\/api.w.org\/{rel}","templated":true}]}}