{"id":198396,"date":"2017-05-29T16:58:24","date_gmt":"2017-05-29T19:58:24","guid":{"rendered":"https:\/\/jundiai.sp.gov.br\/noticias\/?p=198396"},"modified":"2017-05-31T20:19:06","modified_gmt":"2017-05-31T23:19:06","slug":"divisao-florestal-diversifica-atuacao-e-faz-test-ride-com-quadriciclo","status":"publish","type":"post","link":"https:\/\/jundiai.sp.gov.br\/noticias\/2017\/05\/29\/divisao-florestal-diversifica-atuacao-e-faz-test-ride-com-quadriciclo\/","title":{"rendered":"Divis\u00e3o Florestal diversifica atua\u00e7\u00e3o e faz test ride com quadriciclo"},"content":{"rendered":"<p><div id=\"attachment_198397\" style=\"width: 410px\" class=\"wp-caption alignright\"><a href=\"https:\/\/jundiai.sp.gov.br\/noticias\/wp-content\/uploads\/sites\/32\/2017\/05\/quadri2.jpg\"><img loading=\"lazy\" decoding=\"async\" aria-describedby=\"caption-attachment-198397\" src=\"https:\/\/jundiai.sp.gov.br\/noticias\/wp-content\/uploads\/sites\/32\/2017\/05\/quadri2.jpg\" alt=\"\" width=\"400\" height=\"350\" class=\"size-full wp-image-198397\" \/><\/a><p id=\"caption-attachment-198397\" class=\"wp-caption-text\">Guardas municipais enfrentam diariamente acessos mais dif\u00edceis, cavas e buracos, o socorro imediato \u00e0 fauna<br \/><\/p><\/div><strong>Durante os pr\u00f3ximos 20 dias, os agentes de seguran\u00e7a p\u00fablica que atuam junto \u00e0 Serra do Japi v\u00e3o testar quadriciclos em suas a\u00e7\u00f5es, considerando-se as necessidades para o aprimoramento das atividades \u2013 garantindo dessa forma a maior fiscaliza\u00e7\u00e3o na reserva no que diz respeito \u00e0s queimadas, queda de bal\u00f5es, prote\u00e7\u00e3o da fauna e flora \u2013 e adapta\u00e7\u00e3o na reserva ecol\u00f3gica.<\/strong><\/p>\n<p><strong>LEIA TAMB\u00c9M<\/strong><br \/>\n<a href=\"https:\/\/jundiai.sp.gov.br\/noticias\/2017\/05\/24\/divisao-florestal-participa-de-brigada-de-incendio-na-fazenda-ermida\/\">Divis\u00e3o Florestal participa de Brigada de Inc\u00eandio na Fazenda Ermida<\/a><\/p>\n<p>A proposta para an\u00e1lise da utiliza\u00e7\u00e3o dos ve\u00edculos na Serra faz parte do projeto j\u00e1 encaminhado \u00e0 Unidade de Gest\u00e3o de Planejamento Urbano e Meio Ambiente (UGPUMA), inclusive com direcionamento junto ao Conselho Municipal de Defesa do Meio Ambiente (Comdema), segundo informa\u00e7\u00f5es do inspetor Cl\u00e1udio Ferigato, comandante da Guarda Municipal de Jundia\u00ed. \u201cEstudos s\u00e3o realizados para que o ve\u00edculo possa futuramente ser adquirido, atendendo \u00e0s necessidades do local, uma vez que a reserva se estende por uma \u00e1rea de 350 quil\u00f4metros quadrados. Desse total, uma \u00e1rea de 191,7 quil\u00f4metros quadrados foi tombada pelo Conselho de Defesa do Patrim\u00f4nio Hist\u00f3rico, Arqueol\u00f3gico e Tur\u00edstico do Estado de S\u00e3o Paulo \u2013 Condephaat; com toda essa dimens\u00e3o muitos acessos acabam se tornando mais dif\u00edceis.\u201d<\/p>\n<p>Para a orienta\u00e7\u00e3o dos patrulheiros quanto \u00e0 forma de condu\u00e7\u00e3o correta ser\u00e3o disponibilizados tr\u00eas quadriciclos cedidos pela Mila Moto \u2013 concession\u00e1ria autorizada Honda Jundia\u00ed. O ve\u00edculo oferece resist\u00eancia, robustez e versatilidade, com f\u00e1cil dirigibilidade e seguran\u00e7a para transpor \u00e1reas alagadi\u00e7as e de dif\u00edcil acesso.<\/p>\n<p><strong>Assessoria de Imprensa GMJ<br \/>\nFoto: GM Guerino<\/strong><\/p>\n","protected":false},"excerpt":{"rendered":"<p>Objetivo \u00e9 garantir a maior fiscaliza\u00e7\u00e3o na reserva no que diz respeito \u00e0s queimadas, queda de bal\u00f5es, prote\u00e7\u00e3o da fauna e flora e adapta\u00e7\u00e3o na reserva<\/p>\n","protected":false},"author":30,"featured_media":198399,"comment_status":"closed","ping_status":"closed","sticky":false,"template":"","format":"standard","meta":{"footnotes":""},"categories":[2],"tags":[1023,498,31,984,323],"ods":[],"class_list":["post-198396","post","type-post","status-publish","format-standard","has-post-thumbnail","hentry","category-noticias","tag-condephaat","tag-conselho-de-defesa-do-meio-ambiente-comdema","tag-guarda-municipal","tag-planejamento-urbano-e-meio-ambiente","tag-serra-do-japi"],"_links":{"self":[{"href":"https:\/\/jundiai.sp.gov.br\/noticias\/wp-json\/wp\/v2\/posts\/198396","targetHints":{"allow":["GET"]}}],"collection":[{"href":"https:\/\/jundiai.sp.gov.br\/noticias\/wp-json\/wp\/v2\/posts"}],"about":[{"href":"https:\/\/jundiai.sp.gov.br\/noticias\/wp-json\/wp\/v2\/types\/post"}],"author":[{"embeddable":true,"href":"https:\/\/jundiai.sp.gov.br\/noticias\/wp-json\/wp\/v2\/users\/30"}],"replies":[{"embeddable":true,"href":"https:\/\/jundiai.sp.gov.br\/noticias\/wp-json\/wp\/v2\/comments?post=198396"}],"version-history":[{"count":4,"href":"https:\/\/jundiai.sp.gov.br\/noticias\/wp-json\/wp\/v2\/posts\/198396\/revisions"}],"predecessor-version":[{"id":198425,"href":"https:\/\/jundiai.sp.gov.br\/noticias\/wp-json\/wp\/v2\/posts\/198396\/revisions\/198425"}],"wp:featuredmedia":[{"embeddable":true,"href":"https:\/\/jundiai.sp.gov.br\/noticias\/wp-json\/wp\/v2\/media\/198399"}],"wp:attachment":[{"href":"https:\/\/jundiai.sp.gov.br\/noticias\/wp-json\/wp\/v2\/media?parent=198396"}],"wp:term":[{"taxonomy":"category","embeddable":true,"href":"https:\/\/jundiai.sp.gov.br\/noticias\/wp-json\/wp\/v2\/categories?post=198396"},{"taxonomy":"post_tag","embeddable":true,"href":"https:\/\/jundiai.sp.gov.br\/noticias\/wp-json\/wp\/v2\/tags?post=198396"},{"taxonomy":"ods","embeddable":true,"href":"https:\/\/jundiai.sp.gov.br\/noticias\/wp-json\/wp\/v2\/ods?post=198396"}],"curies":[{"name":"wp","href":"https:\/\/api.w.org\/{rel}","templated":true}]}}