{"id":198448,"date":"2017-05-29T19:12:45","date_gmt":"2017-05-29T22:12:45","guid":{"rendered":"https:\/\/jundiai.sp.gov.br\/noticias\/?p=198448"},"modified":"2017-05-31T09:44:25","modified_gmt":"2017-05-31T12:44:25","slug":"dia-do-desafio-tera-cabo-de-guerra-e-aula-funcional","status":"publish","type":"post","link":"https:\/\/jundiai.sp.gov.br\/noticias\/2017\/05\/29\/dia-do-desafio-tera-cabo-de-guerra-e-aula-funcional\/","title":{"rendered":"Dia do Desafio ter\u00e1 cabo de guerra e aula funcional"},"content":{"rendered":"<p><strong>Caminhada, aula de ritmos, atividades recreativas, basquete street, dan\u00e7a circular, alongamento e mais uma dezenas de outras op\u00e7\u00f5es. S\u00f3 n\u00e3o vale ficar parado neste Dia Mundial de Combate ao Sedentarismo ou Dia do Desafio, como o evento \u00e9 mundialmente conhecido. Para enfrentar Uberl\u00e2ndia (MG), a Unidade de Gest\u00e3o de Esporte e Lazer (UGEL) caprichou na programa\u00e7\u00e3o e espera a participa\u00e7\u00e3o de toda a popula\u00e7\u00e3o nesta quarta-feira, 31.<\/strong><\/p>\n<p><a href=\"https:\/\/jundiai.sp.gov.br\/esporte-e-lazer\/wp-content\/uploads\/sites\/11\/2017\/05\/DIA-DO-DESAFIO_2017_PROGRAMA%C3%87%C3%83O.pdf\" target=\"_blank\" rel=\"noopener noreferrer\"><strong>CONFIRA A PROGRAMA\u00c7\u00c3O COMPLETA<\/strong><\/a><\/p>\n<p>Para os adeptos da pr\u00e1tica esportiva, a UGEL programou uma aula de funcional no Parque Jardim Bot\u00e2nico, do Jardim Tulipas, a partir das 9h. A atividade ser\u00e1 supervisionada pelos professores da Academia Healthy Side.<\/p>\n<p>LEIA TAMB\u00c9M<br \/>\n<a href=\"https:\/\/jundiai.sp.gov.br\/noticias\/2017\/05\/29\/ginastica-artistica-faz-bonito-no-trofeu-destaque\/\">Gin\u00e1stica Art\u00edstica faz bonito no Trof\u00e9u Destaque<\/a><\/p>\n<p>Um pouco mais tarde, \u00e0s 15h30, soldados do 12\u00ba Grupo de Artilharia de Campanha (GAC) v\u00e3o promover um cabo de guerra e esperam contar com a for\u00e7a e a participa\u00e7\u00e3o de todos que torcem para que Jundia\u00ed termine campe\u00e3 desta disputa, ou seja, despertando no maior n\u00famero de pessoas a vontade de inserir o esporte em suas vidas.<\/p>\n<p><strong>Evento interno<\/strong><br \/>\nA UGEL ir\u00e1 realizar uma atividade integrativa com aproximadamente 80 funcion\u00e1rios (por per\u00edodo), das Escolas Municipais de Educa\u00e7\u00e3o B\u00e1sica (EMEBs) Aparecida Bernardi do Amaral e Ant\u00f4nio Adelino Marques da Silva Brand\u00e3o, localizadas na regi\u00e3o do Morada das Vinhas.<\/p>\n<p>As atividades ser\u00e3o realizadas na quadra, com o objetivo de promover uma integra\u00e7\u00e3o entre os funcion\u00e1rios, al\u00e9m de estimular a pr\u00e1tica da atividade f\u00edsica di\u00e1ria, que \u00e9 o objetivo do dia do desafio.<\/p>\n<p>A Pra\u00e7a C\u00e9u das Artes-Vista Alegre foi escolhida devido \u00e0 proximidade dessas escolas com o local. Dessa forma, os funcion\u00e1rios ter\u00e3o a oportunidade de conhecer e posteriormente encaminhar os alunos para programas e atividades desenvolvidos no mesmo espa\u00e7o.<\/p>\n<p>Para registrar a participa\u00e7\u00e3o e ajudar Jundia\u00ed na disputa, basta ligar para qualquer um dos seguintes n\u00fameros: 4589-8610, 4589-8611, 4589-8574, 4589-8907, 4589-8981, 4589-8939, 4589-8876, 4589-8753, 4589-8609.<\/p>\n<p><strong>Assessoria de Imprensa<\/strong><\/p>\n","protected":false},"excerpt":{"rendered":"<p>No Dia Mundial de Combate ao Sedentarismo, tem programa\u00e7\u00e3o especial em v\u00e1rios pontos da cidade. Jundia\u00ed compete com Uberl\u00e2ndia<\/p>\n","protected":false},"author":30,"featured_media":198160,"comment_status":"closed","ping_status":"closed","sticky":false,"template":"","format":"standard","meta":{"footnotes":""},"categories":[2],"tags":[168],"ods":[],"class_list":["post-198448","post","type-post","status-publish","format-standard","has-post-thumbnail","hentry","category-noticias","tag-dia-do-desafio"],"_links":{"self":[{"href":"https:\/\/jundiai.sp.gov.br\/noticias\/wp-json\/wp\/v2\/posts\/198448","targetHints":{"allow":["GET"]}}],"collection":[{"href":"https:\/\/jundiai.sp.gov.br\/noticias\/wp-json\/wp\/v2\/posts"}],"about":[{"href":"https:\/\/jundiai.sp.gov.br\/noticias\/wp-json\/wp\/v2\/types\/post"}],"author":[{"embeddable":true,"href":"https:\/\/jundiai.sp.gov.br\/noticias\/wp-json\/wp\/v2\/users\/30"}],"replies":[{"embeddable":true,"href":"https:\/\/jundiai.sp.gov.br\/noticias\/wp-json\/wp\/v2\/comments?post=198448"}],"version-history":[{"count":7,"href":"https:\/\/jundiai.sp.gov.br\/noticias\/wp-json\/wp\/v2\/posts\/198448\/revisions"}],"predecessor-version":[{"id":198463,"href":"https:\/\/jundiai.sp.gov.br\/noticias\/wp-json\/wp\/v2\/posts\/198448\/revisions\/198463"}],"wp:featuredmedia":[{"embeddable":true,"href":"https:\/\/jundiai.sp.gov.br\/noticias\/wp-json\/wp\/v2\/media\/198160"}],"wp:attachment":[{"href":"https:\/\/jundiai.sp.gov.br\/noticias\/wp-json\/wp\/v2\/media?parent=198448"}],"wp:term":[{"taxonomy":"category","embeddable":true,"href":"https:\/\/jundiai.sp.gov.br\/noticias\/wp-json\/wp\/v2\/categories?post=198448"},{"taxonomy":"post_tag","embeddable":true,"href":"https:\/\/jundiai.sp.gov.br\/noticias\/wp-json\/wp\/v2\/tags?post=198448"},{"taxonomy":"ods","embeddable":true,"href":"https:\/\/jundiai.sp.gov.br\/noticias\/wp-json\/wp\/v2\/ods?post=198448"}],"curies":[{"name":"wp","href":"https:\/\/api.w.org\/{rel}","templated":true}]}}