{"id":198616,"date":"2017-05-31T20:17:37","date_gmt":"2017-05-31T23:17:37","guid":{"rendered":"https:\/\/jundiai.sp.gov.br\/noticias\/?p=198616"},"modified":"2017-06-01T18:55:22","modified_gmt":"2017-06-01T21:55:22","slug":"jundiai-tem-tarde-dedicada-a-pratica-esportiva","status":"publish","type":"post","link":"https:\/\/jundiai.sp.gov.br\/noticias\/2017\/05\/31\/jundiai-tem-tarde-dedicada-a-pratica-esportiva\/","title":{"rendered":"Jundia\u00ed tem tarde dedicada \u00e0 pr\u00e1tica esportiva"},"content":{"rendered":"<p><strong>Se a manh\u00e3 come\u00e7ou com atividades para todos os gostos e idades, a tarde n\u00e3o foi diferente. Por onde voc\u00ea andava l\u00e1 estava um grupo caminhando, dan\u00e7ando, jogando bola, caprichando nos passos da aula de ritmos, participando das atividades recreativas. Valia qualquer movimento para contabilizar pontos e deixar Jundia\u00ed na frente de Uberl\u00e2ndia (MG) na disputa do Dia do Desafio. Sob a supervis\u00e3o dos educadores esportivos e da equipe da Unidade de Gest\u00e3o de Esporte e Lazer (UGEL), s\u00f3 era proibido ficar parado.<\/strong><\/p>\n<p>No Complexo Educacional Cultural e Esportivo (CECE) Aramis Polli, na Vila Hortol\u00e2ndia, cerca de 30 crian\u00e7as fizeram sua parte nas atividades recreativas comandadas pela professora Elis\u00e2ngela Val\u00e9ria dos Santos. No Jardim Esplanada, as crian\u00e7as tamb\u00e9m aproveitaram a aula de educa\u00e7\u00e3o f\u00edsica para registrar o momento e lembrar que a atividade f\u00edsica faz a diferen\u00e7a na vida das pessoas.<\/p>\n<p>A Unidade de Gest\u00e3o de Educa\u00e7\u00e3o (UGE) decidiu colaborar com a disputa e participou de atividades realizadas no SESC. No per\u00edodo da manh\u00e3, cerca de 140 alunos da Emeb Marly de Marcondes Pereira suaram a camisa e pontuaram para Jundia\u00ed. Os alunos dos quintos anos participaram de atividades na piscina, enquanto que os terceiros e quartos anos fizeram circuitos na quadra. Ainda no SESC, mais 140 alunos da Emeb Jo\u00e3o Luiz de Campos marcaram presen\u00e7a e praticaram atividades f\u00edsicas.<\/p>\n<p>O convite lan\u00e7ado pela Unidade de Gest\u00e3o de Inova\u00e7\u00e3o e Rela\u00e7\u00e3o com o Cidad\u00e3o (UGRC) foi prontamente atendido pela popula\u00e7\u00e3o que, dos quatro cantos da cidade, enviou as fotos dos eventos esportivos realizados ao longo do Dia do Desafio.<\/p>\n<p>O resultado desta quarta-feira ainda n\u00e3o foi divulgado, mas j\u00e1 deixou uma certeza: a atividade f\u00edsica \u00e9 a \u00fanica garantia de qualidade de vida.<\/p>\n<p><em><strong>Assessoria de Imprensa<br \/>\nFotos: Prefeitura de Jundia\u00ed <\/strong><\/em><\/p>\n","protected":false},"excerpt":{"rendered":"<p>Dia do Desafio ser\u00e1 encerrado oficialmente \u00e0s 21h esta quarta (31). Popula\u00e7\u00e3o aderiu \u00e0s atividades e se exercitou em v\u00e1rios pontos da cidade<\/p>\n","protected":false},"author":30,"featured_media":198617,"comment_status":"closed","ping_status":"closed","sticky":false,"template":"","format":"standard","meta":{"footnotes":""},"categories":[2],"tags":[110,411,168,630],"ods":[],"class_list":["post-198616","post","type-post","status-publish","format-standard","has-post-thumbnail","hentry","category-noticias","tag-bolao","tag-centro-esportivo","tag-dia-do-desafio","tag-emeb"],"_links":{"self":[{"href":"https:\/\/jundiai.sp.gov.br\/noticias\/wp-json\/wp\/v2\/posts\/198616","targetHints":{"allow":["GET"]}}],"collection":[{"href":"https:\/\/jundiai.sp.gov.br\/noticias\/wp-json\/wp\/v2\/posts"}],"about":[{"href":"https:\/\/jundiai.sp.gov.br\/noticias\/wp-json\/wp\/v2\/types\/post"}],"author":[{"embeddable":true,"href":"https:\/\/jundiai.sp.gov.br\/noticias\/wp-json\/wp\/v2\/users\/30"}],"replies":[{"embeddable":true,"href":"https:\/\/jundiai.sp.gov.br\/noticias\/wp-json\/wp\/v2\/comments?post=198616"}],"version-history":[{"count":3,"href":"https:\/\/jundiai.sp.gov.br\/noticias\/wp-json\/wp\/v2\/posts\/198616\/revisions"}],"predecessor-version":[{"id":198620,"href":"https:\/\/jundiai.sp.gov.br\/noticias\/wp-json\/wp\/v2\/posts\/198616\/revisions\/198620"}],"wp:featuredmedia":[{"embeddable":true,"href":"https:\/\/jundiai.sp.gov.br\/noticias\/wp-json\/wp\/v2\/media\/198617"}],"wp:attachment":[{"href":"https:\/\/jundiai.sp.gov.br\/noticias\/wp-json\/wp\/v2\/media?parent=198616"}],"wp:term":[{"taxonomy":"category","embeddable":true,"href":"https:\/\/jundiai.sp.gov.br\/noticias\/wp-json\/wp\/v2\/categories?post=198616"},{"taxonomy":"post_tag","embeddable":true,"href":"https:\/\/jundiai.sp.gov.br\/noticias\/wp-json\/wp\/v2\/tags?post=198616"},{"taxonomy":"ods","embeddable":true,"href":"https:\/\/jundiai.sp.gov.br\/noticias\/wp-json\/wp\/v2\/ods?post=198616"}],"curies":[{"name":"wp","href":"https:\/\/api.w.org\/{rel}","templated":true}]}}