{"id":198651,"date":"2017-06-01T18:38:01","date_gmt":"2017-06-01T21:38:01","guid":{"rendered":"https:\/\/jundiai.sp.gov.br\/noticias\/?p=198651"},"modified":"2017-06-02T19:00:26","modified_gmt":"2017-06-02T22:00:26","slug":"festa-da-uva-fruticultores-se-reunem-para-treinamento-no-bom-jardim","status":"publish","type":"post","link":"https:\/\/jundiai.sp.gov.br\/noticias\/2017\/06\/01\/festa-da-uva-fruticultores-se-reunem-para-treinamento-no-bom-jardim\/","title":{"rendered":"Festa da Uva: fruticultores se re\u00fanem para treinamento no Bom Jardim"},"content":{"rendered":"<p><strong>Para garantir ao p\u00fablico que visitar a Festa da Uva 2018 uma qualidade ainda maior da uva e das demais frutas em exposi\u00e7\u00e3o e comercializa\u00e7\u00e3o, bem como dar aos produtos destaque no contexto de todo evento, cerca de 30 agricultores se re\u00fanem nesta sexta-feira (2), a partir das 14h30, na propriedade do agricultor Almir Michelim, no bairro do Bom Jardim.<\/strong><\/p>\n<p>De acordo com os t\u00e9cnicos da Unidade de Gest\u00e3o de Agroneg\u00f3cio, Abastecimento e Turismo (UGAAT), a iniciativa do treinamento surgiu ap\u00f3s o final da Festa da Uva deste ano, quando um grupo se organizou com esse objetivo de buscar informa\u00e7\u00f5es e troca de experi\u00eancias visando a qualifica\u00e7\u00e3o e excel\u00eancia das frutas que estar\u00e3o \u00e0 disposi\u00e7\u00e3o do p\u00fablico visitante.<\/p>\n<p><strong>LEIA TAMB\u00c9M<\/strong><br \/>\n<a href=\"https:\/\/jundiai.sp.gov.br\/noticias\/2017\/05\/31\/estado-aprova-lei-que-torna-jundiai-municipio-de-interesse-turistico\/\">Estado aprova lei que torna Jundia\u00ed \u201cMunic\u00edpio de Interesse Tur\u00edstico\u201d<\/a><\/p>\n<p>A forma\u00e7\u00e3o  do grupo refor\u00e7a a proposta da atual administra\u00e7\u00e3o em estimular a agricultura comercial, a amplia\u00e7\u00e3o e fortalecimento  da assist\u00eancia t\u00e9cnica, assim como o apoio aos produtores rurais do munic\u00edpio. Na oportunidade do treinamento, os participantes ter\u00e3o uma simula\u00e7\u00e3o de todas as etapas do processo: colheita dos frutos, montagem das caixas, j\u00e1 observando as novas diretrizes e com a possibilidade de acompanhar a avalia\u00e7\u00e3o do corpo de jurados.<\/p>\n<p>O treinamento para participar da exposi\u00e7\u00e3o de frutas da Festa da Uva 2018 ter\u00e1 a dura\u00e7\u00e3o de aproximadamente tr\u00eas horas. A propriedade escolhida est\u00e1 localizada na rua Michelim, 25 \u2013 no bairro Bom Jardim. Al\u00e9m dos agricultores, integrantes da Unidade de Gest\u00e3o de Agroneg\u00f3cio, Abastecimento e Turismo estar\u00e3o presentes.<br \/>\n<strong><br \/>\n<em>Assessoria de Imprensa<br \/>\nFoto: Fot\u00f3grafos PMJ<\/strong><\/em><\/p>\n","protected":false},"excerpt":{"rendered":"<p>Objetivo \u00e9 garantir ao p\u00fablico que visitar a Festa uma qualidade ainda maior da uva e das demais frutas em exposi\u00e7\u00e3o e comercializa\u00e7\u00e3o<\/p>\n","protected":false},"author":30,"featured_media":198657,"comment_status":"closed","ping_status":"closed","sticky":false,"template":"","format":"standard","meta":{"footnotes":""},"categories":[2],"tags":[974,7],"ods":[],"class_list":["post-198651","post","type-post","status-publish","format-standard","has-post-thumbnail","hentry","category-noticias","tag-agronegocio-abastecimento-e-turismo","tag-festa-da-uva"],"_links":{"self":[{"href":"https:\/\/jundiai.sp.gov.br\/noticias\/wp-json\/wp\/v2\/posts\/198651","targetHints":{"allow":["GET"]}}],"collection":[{"href":"https:\/\/jundiai.sp.gov.br\/noticias\/wp-json\/wp\/v2\/posts"}],"about":[{"href":"https:\/\/jundiai.sp.gov.br\/noticias\/wp-json\/wp\/v2\/types\/post"}],"author":[{"embeddable":true,"href":"https:\/\/jundiai.sp.gov.br\/noticias\/wp-json\/wp\/v2\/users\/30"}],"replies":[{"embeddable":true,"href":"https:\/\/jundiai.sp.gov.br\/noticias\/wp-json\/wp\/v2\/comments?post=198651"}],"version-history":[{"count":5,"href":"https:\/\/jundiai.sp.gov.br\/noticias\/wp-json\/wp\/v2\/posts\/198651\/revisions"}],"predecessor-version":[{"id":198662,"href":"https:\/\/jundiai.sp.gov.br\/noticias\/wp-json\/wp\/v2\/posts\/198651\/revisions\/198662"}],"wp:featuredmedia":[{"embeddable":true,"href":"https:\/\/jundiai.sp.gov.br\/noticias\/wp-json\/wp\/v2\/media\/198657"}],"wp:attachment":[{"href":"https:\/\/jundiai.sp.gov.br\/noticias\/wp-json\/wp\/v2\/media?parent=198651"}],"wp:term":[{"taxonomy":"category","embeddable":true,"href":"https:\/\/jundiai.sp.gov.br\/noticias\/wp-json\/wp\/v2\/categories?post=198651"},{"taxonomy":"post_tag","embeddable":true,"href":"https:\/\/jundiai.sp.gov.br\/noticias\/wp-json\/wp\/v2\/tags?post=198651"},{"taxonomy":"ods","embeddable":true,"href":"https:\/\/jundiai.sp.gov.br\/noticias\/wp-json\/wp\/v2\/ods?post=198651"}],"curies":[{"name":"wp","href":"https:\/\/api.w.org\/{rel}","templated":true}]}}