{"id":198911,"date":"2017-06-06T13:56:59","date_gmt":"2017-06-06T16:56:59","guid":{"rendered":"https:\/\/jundiai.sp.gov.br\/noticias\/?p=198911"},"modified":"2017-06-06T13:56:59","modified_gmt":"2017-06-06T16:56:59","slug":"%e2%80%8bdae-trabalha-pela-preservacao-do-rio-capivari","status":"publish","type":"post","link":"https:\/\/jundiai.sp.gov.br\/noticias\/2017\/06\/06\/%e2%80%8bdae-trabalha-pela-preservacao-do-rio-capivari\/","title":{"rendered":"\u200bDAE trabalha pela preserva\u00e7\u00e3o do rio Capivari"},"content":{"rendered":"<p><strong>Dentro da Semana do Meio Ambiente, a DAE Jundia\u00ed, por meio da Diretoria de Mananciais, est\u00e1 coordenando a assinatura e implanta\u00e7\u00e3o do Termo de Coopera\u00e7\u00e3o T\u00e9cnica celebrado entre os \u00f3rg\u00e3os de saneamento dos munic\u00edpios de Louveira (SAE), Vinhedo (Sanebavi), Campinas (Sanasa) e Jundia\u00ed, que visa despoluir o rio Capivari. O documento atende uma solicita\u00e7\u00e3o do Gaema\/PCJ-Campinas (Grupo de Atua\u00e7\u00e3o Especial de Defesa do Meio Ambiente), \u00f3rg\u00e3o pertencente ao Minist\u00e9rio P\u00fablico.<\/strong><\/p>\n<p>\u200bO diretor de Mananciais da DAE, Martim de Fran\u00e7a Silveira Ribeiro, esteve pessoalmente nestes munic\u00edpios para conseguir a assinatura. Martim participou de uma reuni\u00e3o com o superintendente da Sanebavi, Danilo Ferraz.<\/p>\n<p><strong>LEIA TAMB\u00c9M<\/strong><br \/>\n<a href=\"https:\/\/jundiai.sp.gov.br\/noticias\/2017\/06\/06\/despoluicao-do-rio-jundiai-e-destaque-na-abertura-da-semana-do-meio-ambiente\/\">Despolui\u00e7\u00e3o do rio Jundia\u00ed \u00e9 destaque na Semana do Meio Ambiente<\/a><\/p>\n<p><div id=\"attachment_198914\" style=\"width: 410px\" class=\"wp-caption alignright\"><a href=\"https:\/\/jundiai.sp.gov.br\/noticias\/wp-content\/uploads\/sites\/32\/2017\/06\/Danilo-Ferraz-Sanebavi-e-Martim-Ribeiro-DAE.jpg\"><img loading=\"lazy\" decoding=\"async\" aria-describedby=\"caption-attachment-198914\" src=\"https:\/\/jundiai.sp.gov.br\/noticias\/wp-content\/uploads\/sites\/32\/2017\/06\/Danilo-Ferraz-Sanebavi-e-Martim-Ribeiro-DAE.jpg\" alt=\"\" width=\"400\" height=\"350\" class=\"size-full wp-image-198914\" \/><\/a><p id=\"caption-attachment-198914\" class=\"wp-caption-text\">Termo de Coopera\u00e7\u00e3o T\u00e9cnica visa despoluir o rio Capivari<\/p><\/div>\u201cJundia\u00ed abriga a nascente do rio Capivari e, apesar de n\u00e3o fazermos uso deste manancial para o abastecimento do munic\u00edpio, \u00e9 importante que colaboremos com a preserva\u00e7\u00e3o e despolui\u00e7\u00e3o\u201d, afirma Martim. Segundo ele, hoje o rio Capivari j\u00e1 \u00e9 fiscalizado pela DAE. \u201cAgora vamos complementar este trabalho voltando os olhos \u00e0 qualidade da \u00e1gua do Capivari, que atende Louveira, Vinhedo e Campinas.\u201d<\/p>\n<p>O documento estabelece a coopera\u00e7\u00e3o entre as cidades visando interc\u00e2mbio de experi\u00eancias t\u00e9cnicas e cient\u00edficas para elabora\u00e7\u00e3o de projetos de recupera\u00e7\u00e3o da qualidade da \u00e1gua do rio Capivari. Com as assinaturas, ser\u00e1 criado um grupo de trabalho para estudar mecanismos de melhorias qualitativas e quantitativas aos recursos h\u00eddricos da bacia do Capivari, com enfoque em sistemas de esgotamento sanit\u00e1rio, tratamento de esgoto e controle de perdas.<\/p>\n<p><em><strong>Assessoria de Comunica\u00e7\u00e3o \u2013 DAE Jundia\u00ed<\/strong><\/em><\/p>\n<p>\u200b<\/p>\n","protected":false},"excerpt":{"rendered":"<p>Dentro da Semana do Meio Ambiente, a DAE Jundia\u00ed, por meio da Diretoria de Mananciais, est\u00e1 coordenando a assinatura e implanta\u00e7\u00e3o do Termo de Coopera\u00e7\u00e3o T\u00e9cnica celebrado entre os \u00f3rg\u00e3os de saneamento dos munic\u00edpios de Louveira (SAE), Vinhedo (Sanebavi), Campinas (Sanasa) e Jundia\u00ed, que visa despoluir o rio Capivari. O documento atende uma solicita\u00e7\u00e3o do [&hellip;]<\/p>\n","protected":false},"author":30,"featured_media":0,"comment_status":"closed","ping_status":"closed","sticky":false,"template":"","format":"standard","meta":{"footnotes":""},"categories":[2],"tags":[66,984,1021],"ods":[],"class_list":["post-198911","post","type-post","status-publish","format-standard","hentry","category-noticias","tag-dae","tag-planejamento-urbano-e-meio-ambiente","tag-semana-do-meio-ambiente-2017"],"_links":{"self":[{"href":"https:\/\/jundiai.sp.gov.br\/noticias\/wp-json\/wp\/v2\/posts\/198911","targetHints":{"allow":["GET"]}}],"collection":[{"href":"https:\/\/jundiai.sp.gov.br\/noticias\/wp-json\/wp\/v2\/posts"}],"about":[{"href":"https:\/\/jundiai.sp.gov.br\/noticias\/wp-json\/wp\/v2\/types\/post"}],"author":[{"embeddable":true,"href":"https:\/\/jundiai.sp.gov.br\/noticias\/wp-json\/wp\/v2\/users\/30"}],"replies":[{"embeddable":true,"href":"https:\/\/jundiai.sp.gov.br\/noticias\/wp-json\/wp\/v2\/comments?post=198911"}],"version-history":[{"count":3,"href":"https:\/\/jundiai.sp.gov.br\/noticias\/wp-json\/wp\/v2\/posts\/198911\/revisions"}],"predecessor-version":[{"id":198915,"href":"https:\/\/jundiai.sp.gov.br\/noticias\/wp-json\/wp\/v2\/posts\/198911\/revisions\/198915"}],"wp:attachment":[{"href":"https:\/\/jundiai.sp.gov.br\/noticias\/wp-json\/wp\/v2\/media?parent=198911"}],"wp:term":[{"taxonomy":"category","embeddable":true,"href":"https:\/\/jundiai.sp.gov.br\/noticias\/wp-json\/wp\/v2\/categories?post=198911"},{"taxonomy":"post_tag","embeddable":true,"href":"https:\/\/jundiai.sp.gov.br\/noticias\/wp-json\/wp\/v2\/tags?post=198911"},{"taxonomy":"ods","embeddable":true,"href":"https:\/\/jundiai.sp.gov.br\/noticias\/wp-json\/wp\/v2\/ods?post=198911"}],"curies":[{"name":"wp","href":"https:\/\/api.w.org\/{rel}","templated":true}]}}