{"id":198964,"date":"2017-06-06T19:13:23","date_gmt":"2017-06-06T22:13:23","guid":{"rendered":"https:\/\/jundiai.sp.gov.br\/noticias\/?p=198964"},"modified":"2017-06-06T19:13:23","modified_gmt":"2017-06-06T22:13:23","slug":"mobilidade-capacita-fiscais-do-sistema-de-transporte-coletivo","status":"publish","type":"post","link":"https:\/\/jundiai.sp.gov.br\/noticias\/2017\/06\/06\/mobilidade-capacita-fiscais-do-sistema-de-transporte-coletivo\/","title":{"rendered":"Mobilidade capacita fiscais do sistema de transporte coletivo"},"content":{"rendered":"<p><strong>Entre segunda (05) e quarta-feira (07), a Unidade de Mobilidade e Transporte (UGMT) realiza um trabalho de capacita\u00e7\u00e3o dos fiscais de postura que trabalham no sistema de transporte coletivo de Jundia\u00ed. A a\u00e7\u00e3o \u00e9 realizada na Escola de Gest\u00e3o e Governo, das 8h \u00e0s 13h.<\/strong><\/p>\n<p>A capacita\u00e7\u00e3o faz parte do Programa de Melhoria Cont\u00ednua do Transporte Coletivo, desenvolvido pela UGMT desde o in\u00edcio do ano. Segundo a diretora do Departamento de Transporte, Ana Paula Silva Almeida, o treinamento aborda temas que se relacionam \u00e0 comunica\u00e7\u00e3o com os usu\u00e1rios e os enquadramentos para a fiscaliza\u00e7\u00e3o do servi\u00e7o oferecido pelas concession\u00e1rias.<\/p>\n<p><strong>LEIA TAMB\u00c9M<\/strong><br \/>\n<a href=\"https:\/\/jundiai.sp.gov.br\/noticias\/2017\/06\/02\/mobilidade-e-transporte-inicia-projeto-agente-vai-a-escola\/\">Mobilidade e Transporte inicia projeto \u2018Agente vai \u00e0 Escola\u2019<\/a><\/p>\n<p><div id=\"attachment_198966\" style=\"width: 410px\" class=\"wp-caption alignleft\"><a href=\"https:\/\/jundiai.sp.gov.br\/noticias\/wp-content\/uploads\/sites\/32\/2017\/06\/treinamento_fiscais_de_transportes-2.jpg\"><img loading=\"lazy\" decoding=\"async\" aria-describedby=\"caption-attachment-198966\" src=\"https:\/\/jundiai.sp.gov.br\/noticias\/wp-content\/uploads\/sites\/32\/2017\/06\/treinamento_fiscais_de_transportes-2-1160x652.jpg\" alt=\"\" width=\"400\" height=\"350\" class=\"size-large wp-image-198966\" \/><\/a><p id=\"caption-attachment-198966\" class=\"wp-caption-text\">Fiscais participam desde segunda-feira de uma capacita\u00e7\u00e3o para aprimorar atendimento<br \/><\/p><\/div>A diretora acrescenta que foram selecionados 21 temas que mais impactam na qualidade do servi\u00e7o. \u201cAbordamos quest\u00f5es como ve\u00edculos transitarem com portas abertas e sem letreiros, o n\u00e3o atendimento do sinal de parada dos usu\u00e1rios, adiantamento ou atraso do hor\u00e1rio da opera\u00e7\u00e3o, m\u00e1s condi\u00e7\u00f5es de limpeza e respeito aos usu\u00e1rios, entre outros\u201d, explica.<\/p>\n<p>Ainda de acordo com Ana Paula, novos trabalhos de capacita\u00e7\u00e3o j\u00e1 est\u00e3o agendados para o segundo semestre deste ano, com abordagem focada em outros temas que tamb\u00e9m impactam na qualidade do servi\u00e7o. \u201cBuscamos com esta pr\u00e1tica capacitar a equipe para atuar na fiscaliza\u00e7\u00e3o n\u00e3o somente de segmentos espec\u00edficos, mas em todos os servi\u00e7os de transportes autorizados pela Unidade\u201d, destaca a diretora.<\/p>\n<p><em><strong>Assessoria de Imprensa<br \/>\nFotos: Fot\u00f3grafos PMJ<\/strong><\/em><\/p>\n","protected":false},"excerpt":{"rendered":"<p>Entre segunda (05) e quarta-feira (07), a Unidade de Mobilidade e Transporte (UGMT) realiza um trabalho de capacita\u00e7\u00e3o dos fiscais de postura que trabalham no sistema de transporte coletivo de Jundia\u00ed. A a\u00e7\u00e3o \u00e9 realizada na Escola de Gest\u00e3o e Governo, das 8h \u00e0s 13h. A capacita\u00e7\u00e3o faz parte do Programa de Melhoria Cont\u00ednua do [&hellip;]<\/p>\n","protected":false},"author":30,"featured_media":0,"comment_status":"closed","ping_status":"closed","sticky":false,"template":"","format":"standard","meta":{"footnotes":""},"categories":[2],"tags":[308,982],"ods":[],"class_list":["post-198964","post","type-post","status-publish","format-standard","hentry","category-noticias","tag-escola-de-governo-e-gestao","tag-mobilidade-e-transporte"],"_links":{"self":[{"href":"https:\/\/jundiai.sp.gov.br\/noticias\/wp-json\/wp\/v2\/posts\/198964","targetHints":{"allow":["GET"]}}],"collection":[{"href":"https:\/\/jundiai.sp.gov.br\/noticias\/wp-json\/wp\/v2\/posts"}],"about":[{"href":"https:\/\/jundiai.sp.gov.br\/noticias\/wp-json\/wp\/v2\/types\/post"}],"author":[{"embeddable":true,"href":"https:\/\/jundiai.sp.gov.br\/noticias\/wp-json\/wp\/v2\/users\/30"}],"replies":[{"embeddable":true,"href":"https:\/\/jundiai.sp.gov.br\/noticias\/wp-json\/wp\/v2\/comments?post=198964"}],"version-history":[{"count":2,"href":"https:\/\/jundiai.sp.gov.br\/noticias\/wp-json\/wp\/v2\/posts\/198964\/revisions"}],"predecessor-version":[{"id":198967,"href":"https:\/\/jundiai.sp.gov.br\/noticias\/wp-json\/wp\/v2\/posts\/198964\/revisions\/198967"}],"wp:attachment":[{"href":"https:\/\/jundiai.sp.gov.br\/noticias\/wp-json\/wp\/v2\/media?parent=198964"}],"wp:term":[{"taxonomy":"category","embeddable":true,"href":"https:\/\/jundiai.sp.gov.br\/noticias\/wp-json\/wp\/v2\/categories?post=198964"},{"taxonomy":"post_tag","embeddable":true,"href":"https:\/\/jundiai.sp.gov.br\/noticias\/wp-json\/wp\/v2\/tags?post=198964"},{"taxonomy":"ods","embeddable":true,"href":"https:\/\/jundiai.sp.gov.br\/noticias\/wp-json\/wp\/v2\/ods?post=198964"}],"curies":[{"name":"wp","href":"https:\/\/api.w.org\/{rel}","templated":true}]}}