{"id":198980,"date":"2017-06-06T19:35:18","date_gmt":"2017-06-06T22:35:18","guid":{"rendered":"https:\/\/jundiai.sp.gov.br\/noticias\/?p=198980"},"modified":"2017-06-07T18:48:22","modified_gmt":"2017-06-07T21:48:22","slug":"jundiai-soma-esforcos-para-implantar-curso-tecnico-de-enologia-e-viticultura","status":"publish","type":"post","link":"https:\/\/jundiai.sp.gov.br\/noticias\/2017\/06\/06\/jundiai-soma-esforcos-para-implantar-curso-tecnico-de-enologia-e-viticultura\/","title":{"rendered":"Jundia\u00ed soma esfor\u00e7os para implantar curso t\u00e9cnico de Enologia e Viticultura"},"content":{"rendered":"<p><div id=\"attachment_198982\" style=\"width: 410px\" class=\"wp-caption alignleft\"><a href=\"https:\/\/jundiai.sp.gov.br\/noticias\/wp-content\/uploads\/sites\/32\/2017\/06\/ETEC_Deputado-3.jpg\"><img loading=\"lazy\" decoding=\"async\" aria-describedby=\"caption-attachment-198982\" src=\"https:\/\/jundiai.sp.gov.br\/noticias\/wp-content\/uploads\/sites\/32\/2017\/06\/ETEC_Deputado-3-1160x812.jpg\" alt=\"\" width=\"400\" height=\"350\" class=\"size-large wp-image-198982\" \/><\/a><p id=\"caption-attachment-198982\" class=\"wp-caption-text\">Em reuni\u00e3o, prefeito e deputado trataram sobre o curso t\u00e9cnico de Enologia e Viticultura<br \/><\/p><\/div><strong>Em visita \u00e0 Escola T\u00e9cnica Estadual (Etec) Benedito Storani, nesta ter\u00e7a-feira (06), o prefeito de Jundia\u00ed, Luiz Fernando Machado, esteve com o deputado estadual Roberto Morais, para apresentar o curso t\u00e9cnico de Enologia e Viticultura, que dever\u00e1 ser o primeiro no Estado de S\u00e3o Paulo com esta proposta educacional.<\/strong><\/p>\n<p>A reuni\u00e3o permitiu a aproxima\u00e7\u00e3o entre a Frente Parlamentar da Vitivinicultura, da qual o deputado Roberto \u00e9 presidente, e a Rede de Cidades Vitivin\u00edcolas Paulistas. Em maio, Luiz Fernando foi convidado para presidir a Rede de Cidades Vitivin\u00edcolas Paulistas, composta por 70 munic\u00edpios. O convite foi feito pelo senador \u00edtalo-brasileiro, Fausto Longo, no Pa\u00e7o Municipal.<\/p>\n<p><strong>LEIA TAMB\u00c9M<\/strong><br \/>\n<a href=\"https:\/\/jundiai.sp.gov.br\/noticias\/2017\/06\/02\/agricultura-inicia-preparacao-para-festa-da-uva-2018\/\">Agricultura inicia prepara\u00e7\u00e3o para Festa da Uva 2018<\/a><\/p>\n<p>\u201cA pauta da primeira audi\u00eancia entre os grupos ser\u00e1 justamente para tratar sobre a viabiliza\u00e7\u00e3o dos equipamentos que ser\u00e3o necess\u00e1rios na montagem do laborat\u00f3rio espec\u00edfico para a produ\u00e7\u00e3o de vinhos na Etec\u201d, comentou o prefeito.<\/p>\n<p>Tamb\u00e9m presente \u00e0 reuni\u00e3o, o gestor de Agroneg\u00f3cios, Abastecimento e Turismo, Eduardo Alvarez, destacou que o curso vir\u00e1 ao encontro das necessidades dos produtores da regi\u00e3o de Jundia\u00ed. \u201cAt\u00e9 mesmo fortalece uma das propostas do governo municipal no que diz respeito \u00e0 Agricultura, com o estimulo ao uso da tecnologia\u201d, afirmou ele.<\/p>\n<p>Para Roberto, a viabiliza\u00e7\u00e3o do curso t\u00e9cnico de Enologia e Viticultura \u00e9 de pleno interesse do Governo do Estado. \u201cO curso tem grande potencial para o desenvolvimento de pol\u00edticas que alavanquem o fortalecimento da economia dos munic\u00edpios paulistas\u201d, comentou o parlamentar.<\/p>\n<p><em><strong>Assessoria de Imprensa<br \/>\nFoto: Fot\u00f3grafos PMJ<\/strong><\/em><\/p>\n","protected":false},"excerpt":{"rendered":"<p>Curso dever\u00e1 ser o primeiro no Estado de S\u00e3o Paulo com esta proposta educacional e vir\u00e1 ao encontro das necessidades dos produtores da regi\u00e3o<\/p>\n","protected":false},"author":30,"featured_media":198985,"comment_status":"closed","ping_status":"closed","sticky":false,"template":"","format":"standard","meta":{"footnotes":""},"categories":[2],"tags":[974,58],"ods":[],"class_list":["post-198980","post","type-post","status-publish","format-standard","has-post-thumbnail","hentry","category-noticias","tag-agronegocio-abastecimento-e-turismo","tag-prefeito"],"_links":{"self":[{"href":"https:\/\/jundiai.sp.gov.br\/noticias\/wp-json\/wp\/v2\/posts\/198980","targetHints":{"allow":["GET"]}}],"collection":[{"href":"https:\/\/jundiai.sp.gov.br\/noticias\/wp-json\/wp\/v2\/posts"}],"about":[{"href":"https:\/\/jundiai.sp.gov.br\/noticias\/wp-json\/wp\/v2\/types\/post"}],"author":[{"embeddable":true,"href":"https:\/\/jundiai.sp.gov.br\/noticias\/wp-json\/wp\/v2\/users\/30"}],"replies":[{"embeddable":true,"href":"https:\/\/jundiai.sp.gov.br\/noticias\/wp-json\/wp\/v2\/comments?post=198980"}],"version-history":[{"count":5,"href":"https:\/\/jundiai.sp.gov.br\/noticias\/wp-json\/wp\/v2\/posts\/198980\/revisions"}],"predecessor-version":[{"id":198987,"href":"https:\/\/jundiai.sp.gov.br\/noticias\/wp-json\/wp\/v2\/posts\/198980\/revisions\/198987"}],"wp:featuredmedia":[{"embeddable":true,"href":"https:\/\/jundiai.sp.gov.br\/noticias\/wp-json\/wp\/v2\/media\/198985"}],"wp:attachment":[{"href":"https:\/\/jundiai.sp.gov.br\/noticias\/wp-json\/wp\/v2\/media?parent=198980"}],"wp:term":[{"taxonomy":"category","embeddable":true,"href":"https:\/\/jundiai.sp.gov.br\/noticias\/wp-json\/wp\/v2\/categories?post=198980"},{"taxonomy":"post_tag","embeddable":true,"href":"https:\/\/jundiai.sp.gov.br\/noticias\/wp-json\/wp\/v2\/tags?post=198980"},{"taxonomy":"ods","embeddable":true,"href":"https:\/\/jundiai.sp.gov.br\/noticias\/wp-json\/wp\/v2\/ods?post=198980"}],"curies":[{"name":"wp","href":"https:\/\/api.w.org\/{rel}","templated":true}]}}