{"id":199016,"date":"2017-06-07T16:28:36","date_gmt":"2017-06-07T19:28:36","guid":{"rendered":"https:\/\/jundiai.sp.gov.br\/noticias\/?p=199016"},"modified":"2020-11-03T14:43:16","modified_gmt":"2020-11-03T17:43:16","slug":"fiscalizacao-do-comercio-intensifica-acoes-contra-produtos-irregulares","status":"publish","type":"post","link":"https:\/\/jundiai.sp.gov.br\/noticias\/2017\/06\/07\/fiscalizacao-do-comercio-intensifica-acoes-contra-produtos-irregulares\/","title":{"rendered":"Fiscaliza\u00e7\u00e3o do Com\u00e9rcio intensifica a\u00e7\u00f5es contra produtos irregulares"},"content":{"rendered":"\n<div class=\"wp-block-image\"><figure class=\"alignleft\"><a href=\"https:\/\/jundiai.sp.gov.br\/noticias\/wp-content\/uploads\/sites\/32\/2017\/06\/fiscalizacao-comercio-01.jpg\"><img loading=\"lazy\" decoding=\"async\" width=\"1040\" height=\"585\" src=\"https:\/\/jundiai.sp.gov.br\/noticias\/wp-content\/uploads\/sites\/32\/2017\/06\/fiscalizacao-comercio-01.jpg\" alt=\"\" class=\"wp-image-199018\" srcset=\"https:\/\/jundiai.sp.gov.br\/noticias\/wp-content\/uploads\/sites\/32\/2017\/06\/fiscalizacao-comercio-01.jpg 1040w, https:\/\/jundiai.sp.gov.br\/noticias\/wp-content\/uploads\/sites\/32\/2017\/06\/fiscalizacao-comercio-01-300x169.jpg 300w, https:\/\/jundiai.sp.gov.br\/noticias\/wp-content\/uploads\/sites\/32\/2017\/06\/fiscalizacao-comercio-01-768x432.jpg 768w\" sizes=\"auto, (max-width: 1040px) 100vw, 1040px\" \/><\/a><figcaption>Entidades assistenciais receberam frutas apreendidas que ainda poderiam ser consumidas<\/figcaption><\/figure><\/div>\n\n\n\n<p><strong>A fim de coibir a venda de produtos ilegais no munic\u00edpio e evitar riscos \u00e0 sa\u00fade da popula\u00e7\u00e3o, a Divis\u00e3o de Fiscaliza\u00e7\u00e3o do Com\u00e9rcio da Unidade de Governo e Finan\u00e7as intensificou as a\u00e7\u00f5es no primeiro quadrimestre deste ano. Segundo um levantamento da UGGF, entre janeiro e abril deste ano foram realizadas 3.571 averigua\u00e7\u00f5es fiscais em toda a cidade. Este balan\u00e7o n\u00e3o foi realizado entre os anos de 2013 a 2016 (gest\u00e3o anterior).<\/strong><\/p>\n\n\n\n<p><strong>LEIA TAMB\u00c9M<\/strong><br><a href=\"https:\/\/jundiai.sp.gov.br\/noticias\/2017\/06\/05\/frutas-recolhidas-pela-gmj-sao-doadas-para-a-cidade-vicentina\/\">Frutas recolhidas pela GMJ s\u00e3o doadas para a Cidade Vicentina<\/a><\/p>\n\n\n\n<p>As a\u00e7\u00f5es resultaram em 1.244 notifica\u00e7\u00f5es emitidas, 196 multas lavradas, 130 termos de apreens\u00e3o de mercadorias diversas, 4.400 mil m\u00eddias apreendidas (CDs e DVDs), 5.740 kg de alimentos sem proced\u00eancia, e que colocam em risco a sa\u00fade p\u00fablica, recolhidos e destru\u00eddos. A fiscaliza\u00e7\u00e3o tamb\u00e9m resultou na apreens\u00e3o e doa\u00e7\u00e3o de 2.400 kg de frutas a entidades beneficentes da cidade, bem como na doa\u00e7\u00e3o de 2.926 itens diversos ao <a href=\"https:\/\/www.facebook.com\/fundosocialsolidariedadedejundiai\/\" target=\"_blank\" rel=\"noopener noreferrer\">Fundo Social de Solidariedade<\/a>.<\/p>\n\n\n\n<p>Ainda de acordo com a UGGF, nesse per\u00edodo foram realizados 397 atendimentos ao mun\u00edcipe por meio do 156, o que inclui solicita\u00e7\u00f5es diversas, tais como verifica\u00e7\u00e3o de alvar\u00e1 de funcionamento, reclama\u00e7\u00e3o quanto \u00e0 perturba\u00e7\u00e3o ao bem-estar e sossego p\u00fablico e comerciantes ambulantes em atividade sem licen\u00e7a, entre outros.<\/p>\n\n\n\n<p>\u00c9 importante ressaltar que os alimentos sem proced\u00eancia ou de armazenagem que colocam em risco a sa\u00fade de consumidores, bem como suas instala\u00e7\u00f5es, s\u00e3o encaminhados para descarte ao Gerenciamento de Res\u00edduos S\u00f3lidos (Geresol). O mesmo destino \u00e9 dado \u00e0s m\u00eddias para a destrui\u00e7\u00e3o.<\/p>\n\n\n\n<p>O servi\u00e7o desempenhado pelos agentes da Fiscaliza\u00e7\u00e3o do Com\u00e9rcio conta com o apoio da Guarda Municipal e da Vigil\u00e2ncia Sanit\u00e1ria (quando necess\u00e1rio) e \u00e9 amparado pelas seguintes legisla\u00e7\u00f5es: Lei Complementar 460\/08 e altera\u00e7\u00f5es \u2013 C\u00f3digo Tribut\u00e1rio Municipal; Lei 4385\/94 \u2013 Lei que regula o Com\u00e9rcio e Servi\u00e7os Ambulantes; Lei 1.324\/65 e suas altera\u00e7\u00f5es \u2013 Lei dos Ru\u00eddos Urbanos e da Prote\u00e7\u00e3o ao Bem-Estar e Sossego P\u00fablico; ABNT \u2013 NBR 10.151\/00 \u2013 Avalia\u00e7\u00e3o do Ru\u00eddo em \u00e1reas habitadas; Lei 08.521\/15 \u2013 Lei que Regula realiza\u00e7\u00e3o de Feiras e Eventos comerciais Tempor\u00e1rios, entre outras.<\/p>\n\n\n\n<p><em><strong>Assessoria de Imprensa<br>Fotos: Fot\u00f3grafos PMJ<\/strong><\/em><\/p>\n","protected":false},"excerpt":{"rendered":"<p>Entre janeiro e abril foram realizadas 3.571 averigua\u00e7\u00f5es fiscais em toda a cidade. Este balan\u00e7o n\u00e3o foi realizado entre 2013 a 2016<\/p>\n","protected":false},"author":30,"featured_media":199058,"comment_status":"closed","ping_status":"closed","sticky":false,"template":"","format":"standard","meta":{"footnotes":""},"categories":[2],"tags":[68,77,416,983,31,517],"ods":[],"class_list":["post-199016","post","type-post","status-publish","format-standard","has-post-thumbnail","hentry","category-noticias","tag-centro-de-gerenciamento-de-residuos-solidos-geresol","tag-fiscalizacao-do-comercio","tag-fundo-social-de-solidariedade-funss","tag-governo-e-financas","tag-guarda-municipal","tag-vigilancia-sanitaria"],"_links":{"self":[{"href":"https:\/\/jundiai.sp.gov.br\/noticias\/wp-json\/wp\/v2\/posts\/199016","targetHints":{"allow":["GET"]}}],"collection":[{"href":"https:\/\/jundiai.sp.gov.br\/noticias\/wp-json\/wp\/v2\/posts"}],"about":[{"href":"https:\/\/jundiai.sp.gov.br\/noticias\/wp-json\/wp\/v2\/types\/post"}],"author":[{"embeddable":true,"href":"https:\/\/jundiai.sp.gov.br\/noticias\/wp-json\/wp\/v2\/users\/30"}],"replies":[{"embeddable":true,"href":"https:\/\/jundiai.sp.gov.br\/noticias\/wp-json\/wp\/v2\/comments?post=199016"}],"version-history":[{"count":11,"href":"https:\/\/jundiai.sp.gov.br\/noticias\/wp-json\/wp\/v2\/posts\/199016\/revisions"}],"predecessor-version":[{"id":257367,"href":"https:\/\/jundiai.sp.gov.br\/noticias\/wp-json\/wp\/v2\/posts\/199016\/revisions\/257367"}],"wp:featuredmedia":[{"embeddable":true,"href":"https:\/\/jundiai.sp.gov.br\/noticias\/wp-json\/wp\/v2\/media\/199058"}],"wp:attachment":[{"href":"https:\/\/jundiai.sp.gov.br\/noticias\/wp-json\/wp\/v2\/media?parent=199016"}],"wp:term":[{"taxonomy":"category","embeddable":true,"href":"https:\/\/jundiai.sp.gov.br\/noticias\/wp-json\/wp\/v2\/categories?post=199016"},{"taxonomy":"post_tag","embeddable":true,"href":"https:\/\/jundiai.sp.gov.br\/noticias\/wp-json\/wp\/v2\/tags?post=199016"},{"taxonomy":"ods","embeddable":true,"href":"https:\/\/jundiai.sp.gov.br\/noticias\/wp-json\/wp\/v2\/ods?post=199016"}],"curies":[{"name":"wp","href":"https:\/\/api.w.org\/{rel}","templated":true}]}}