{"id":199046,"date":"2017-06-07T17:56:46","date_gmt":"2017-06-07T20:56:46","guid":{"rendered":"https:\/\/jundiai.sp.gov.br\/noticias\/?p=199046"},"modified":"2017-06-07T18:11:38","modified_gmt":"2017-06-07T21:11:38","slug":"vitrine-da-danca-esta-com-inscricoes-abertas","status":"publish","type":"post","link":"https:\/\/jundiai.sp.gov.br\/noticias\/2017\/06\/07\/vitrine-da-danca-esta-com-inscricoes-abertas\/","title":{"rendered":"\u2018Vitrine da Dan\u00e7a\u2019 est\u00e1 com inscri\u00e7\u00f5es abertas"},"content":{"rendered":"<p><strong>Academias, clubes e escolas de dan\u00e7a exclusivamente voltadas \u00e0 dan\u00e7a e domiciliados em Jundia\u00ed podem se inscrever o \u201cVitrine da Dan\u00e7a \u2013 temporada 2017\u201d, promovido pela Funda\u00e7\u00e3o Casa da Cultura e Esportes e a Unidade de Gest\u00e3o de Cultura. As inscri\u00e7\u00f5es s\u00e3o gratuitas, sendo vetada a participa\u00e7\u00e3o de pessoas f\u00edsicas e entidades da administra\u00e7\u00e3o p\u00fablica direta ou indireta de qualquer esfera de governo.<\/strong><\/p>\n<p>Apesar de o prazo para inscri\u00e7\u00f5es ser at\u00e9 o dia 16 de julho, respeitando-se os 45 dias estabelecidos por lei partir do edital n\u00ba 001\/2017 de 02 de junho (<a href=\"http:\/\/imprensaoficial.jundiai.sp.gov.br\/wp-content\/uploads\/2017\/06\/4279-07-06-2017.pdf\" target=\"_blank\">e rerratificado em 05 de junho \u2013 da p\u00e1gina 19 \u00e0 p\u00e1gina 23<\/a>), o diretor de Teatros, Wagner Nacarato, alerta: \u201cDia 16 de julho \u00e9 um domingo. \u00c9 importante que os interessados se atentem que receberemos a documenta\u00e7\u00e3o at\u00e9 14 de julho, uma sexta-feira\u201d, ressaltou.<\/p>\n<p>CONFIRA A <a href=\"http:\/\/cultura.jundiai.sp.gov.br\/wp-content\/uploads\/2014\/09\/FICHA-DE-INSCRI%C3%87%C3%83O-VITRINE-DA-DAN%C3%87A-2017.pdf\" target=\"_blank\">FICHA DE INSCRI\u00c7\u00c3O<\/a> E AS SOLICITA\u00c7\u00d5ES DE USO DO <a href=\"http:\/\/cultura.jundiai.sp.gov.br\/wp-content\/uploads\/2014\/09\/SOLICITA%C3%87%C3%83O-DE-USO-PARQUE-DA-UVA-VITRINE-DA-DAN%C3%87A.pdf\" target=\"_blank\">PARQUE DA UVA<\/a> E DO <a href=\"http:\/\/cultura.jundiai.sp.gov.br\/wp-content\/uploads\/2014\/09\/SOLICITA%C3%87%C3%83O-DE-USO-POLYTHEAMA-VITRINE-DA-DAN%C3%87A.pdf\" target=\"_blank\">POLYTHEAMA<\/a><\/p>\n<p>O evento visa estimular a cria\u00e7\u00e3o art\u00edstica, democratizar as condi\u00e7\u00f5es de produ\u00e7\u00e3o, oferta de forma\u00e7\u00e3o e revela\u00e7\u00e3o de talentos na dan\u00e7a. A escolha pelos 27 espet\u00e1culos que ir\u00e3o compor o \u201cVitrine\u201d ser\u00e1 feita a partir da pontua\u00e7\u00e3o atribu\u00edda por uma Comiss\u00e3o Especial de Julgamento, composta por tr\u00eas profissionais ligados \u00e0 \u00e1rea da Dan\u00e7a, especialistas e com not\u00f3rio saber t\u00e9cnico, art\u00edstico e pedag\u00f3gico. A an\u00e1lise dos projetos ser\u00e1 feita nos dias 18 e 19 de julho e o resultado ir\u00e1 publicado na Imprensa Oficial do Munic\u00edpio, com a ordem e sele\u00e7\u00e3o e supl\u00eancia.<\/p>\n<p>As notas dos projetos podem ir de zero a 100, somando-se as pontua\u00e7\u00f5es de conceito do projeto e relev\u00e2ncia, proposta coreogr\u00e1fica, conceito pedag\u00f3gico, capacidade art\u00edstica, capacidade t\u00e9cnica de execu\u00e7\u00e3o da proposta e pertin\u00eancia com os objetivos do evento e adequa\u00e7\u00e3o da proposta aos espa\u00e7os de execu\u00e7\u00e3o.<\/p>\n<p><div id=\"attachment_199047\" style=\"width: 410px\" class=\"wp-caption alignright\"><a href=\"https:\/\/jundiai.sp.gov.br\/noticias\/wp-content\/uploads\/sites\/32\/2017\/06\/apresenta\u00e7ao_dan\u00e7a.jpg\"><img loading=\"lazy\" decoding=\"async\" aria-describedby=\"caption-attachment-199047\" src=\"https:\/\/jundiai.sp.gov.br\/noticias\/wp-content\/uploads\/sites\/32\/2017\/06\/apresenta\u00e7ao_dan\u00e7a-1160x746.jpg\" alt=\"\" width=\"400\" height=\"350\" class=\"size-large wp-image-199047\" \/><\/a><p id=\"caption-attachment-199047\" class=\"wp-caption-text\">O evento visa estimular a cria\u00e7\u00e3o art\u00edstica e revelar talentos na dan\u00e7a<br \/><\/p><\/div>Os interessados devem se inscrever pessoalmente no Departamento de Teatros, que fica na rua Bar\u00e3o de Jundia\u00ed, 202, Centro, de segunda a sexta-feira (exceto feriados), das 9h \u00e0s 16h, com ficha de inscri\u00e7\u00e3o preenchida e assinada, comprovante de endere\u00e7o em Jundia\u00ed da academia, clube ou escola de dan\u00e7a, c\u00f3pia do CNPJ e alvar\u00e1 de funcionamento da institui\u00e7\u00e3o. Deve levar tamb\u00e9m um projeto contendo, dentre outras informa\u00e7\u00f5es, identifica\u00e7\u00e3o do projeto, objetivo, justificativa, proposta conceitual de encena\u00e7\u00e3o, figurinos, cen\u00e1rio, ilumina\u00e7\u00e3o, rela\u00e7\u00e3o de integrantes e release do conte\u00fado do espet\u00e1culo. Fica a crit\u00e9rio dos interessados a escolha do g\u00eanero.<\/p>\n<p>O \u201cVitrine da Dan\u00e7a\u201d ser\u00e1 promovido nos dias 21, 22, 23, 24, 26, 27, 28, 29 e 30 de novembro e 1, 3, 10, 11, 12, 15, 16 e 17 de dezembro, no Teatro Polytheama, e nos dias 7, 8, 9, 10, 11, 12, 14, 15, 16 e 17 de dezembro no palco interno do Parque Comendador Antonio Carbonari (Parque da Uva). A escolha pelas datas ser\u00e1 feita pela ordem de classifica\u00e7\u00e3o das propostas.<\/p>\n<p>Os selecionados devem pagar uma cau\u00e7\u00e3o de R$ 500,00 (valor do aluguel de uma di\u00e1ria do teatro ou do palco do parque) \u00e0 Funda\u00e7\u00e3o no ato da assinatura do termo de autoriza\u00e7\u00e3o de uso. Para cumprimento de contrato, o autorizado deve pagar \u00e0 Funda\u00e7\u00e3o o valor equivalente a 10% do total obtido com a venda de ingressos do espet\u00e1culo, respeitando-se como valor m\u00ednimo o da cau\u00e7\u00e3o.<\/p>\n<p><em><strong>Assessoria de Imprensa<br \/>\nFoto: Arquivo PMJ<\/strong><\/em><\/p>\n","protected":false},"excerpt":{"rendered":"<p>Academias, clubes e escolas de dan\u00e7a exclusivamente voltadas \u00e0 dan\u00e7a e domiciliados em Jundia\u00ed podem se inscrever o \u201cVitrine da Dan\u00e7a \u2013 temporada 2017\u201d, promovido pela Funda\u00e7\u00e3o Casa da Cultura e Esportes e a Unidade de Gest\u00e3o de Cultura. As inscri\u00e7\u00f5es s\u00e3o gratuitas, sendo vetada a participa\u00e7\u00e3o de pessoas f\u00edsicas e entidades da administra\u00e7\u00e3o p\u00fablica [&hellip;]<\/p>\n","protected":false},"author":30,"featured_media":0,"comment_status":"closed","ping_status":"closed","sticky":false,"template":"","format":"standard","meta":{"footnotes":""},"categories":[2],"tags":[29,276,98,867],"ods":[],"class_list":["post-199046","post","type-post","status-publish","format-standard","hentry","category-noticias","tag-cultura","tag-parque-da-uva","tag-teatro-polytheama","tag-vitrine-da-danca"],"_links":{"self":[{"href":"https:\/\/jundiai.sp.gov.br\/noticias\/wp-json\/wp\/v2\/posts\/199046","targetHints":{"allow":["GET"]}}],"collection":[{"href":"https:\/\/jundiai.sp.gov.br\/noticias\/wp-json\/wp\/v2\/posts"}],"about":[{"href":"https:\/\/jundiai.sp.gov.br\/noticias\/wp-json\/wp\/v2\/types\/post"}],"author":[{"embeddable":true,"href":"https:\/\/jundiai.sp.gov.br\/noticias\/wp-json\/wp\/v2\/users\/30"}],"replies":[{"embeddable":true,"href":"https:\/\/jundiai.sp.gov.br\/noticias\/wp-json\/wp\/v2\/comments?post=199046"}],"version-history":[{"count":4,"href":"https:\/\/jundiai.sp.gov.br\/noticias\/wp-json\/wp\/v2\/posts\/199046\/revisions"}],"predecessor-version":[{"id":199057,"href":"https:\/\/jundiai.sp.gov.br\/noticias\/wp-json\/wp\/v2\/posts\/199046\/revisions\/199057"}],"wp:attachment":[{"href":"https:\/\/jundiai.sp.gov.br\/noticias\/wp-json\/wp\/v2\/media?parent=199046"}],"wp:term":[{"taxonomy":"category","embeddable":true,"href":"https:\/\/jundiai.sp.gov.br\/noticias\/wp-json\/wp\/v2\/categories?post=199046"},{"taxonomy":"post_tag","embeddable":true,"href":"https:\/\/jundiai.sp.gov.br\/noticias\/wp-json\/wp\/v2\/tags?post=199046"},{"taxonomy":"ods","embeddable":true,"href":"https:\/\/jundiai.sp.gov.br\/noticias\/wp-json\/wp\/v2\/ods?post=199046"}],"curies":[{"name":"wp","href":"https:\/\/api.w.org\/{rel}","templated":true}]}}