{"id":199175,"date":"2017-06-08T18:38:23","date_gmt":"2017-06-08T21:38:23","guid":{"rendered":"https:\/\/jundiai.sp.gov.br\/noticias\/?p=199175"},"modified":"2017-06-13T12:23:46","modified_gmt":"2017-06-13T15:23:46","slug":"mais-de-21-dos-usuarios-da-rede-de-atencao-basica-faltam-as-consultas","status":"publish","type":"post","link":"https:\/\/jundiai.sp.gov.br\/noticias\/2017\/06\/08\/mais-de-21-dos-usuarios-da-rede-de-atencao-basica-faltam-as-consultas\/","title":{"rendered":"Mais de 21% dos usu\u00e1rios da Rede de Aten\u00e7\u00e3o B\u00e1sica faltam \u00e0s consultas"},"content":{"rendered":"<p><strong>O diabetes entre outros problemas de sa\u00fade que os 63 anos trouxeram para a vida de dona Marlene Lucas Alves obriga a usu\u00e1ria da Unidade B\u00e1sica de Sa\u00fade (UBS) do Jardim Novo Horizonte a consultar o cl\u00ednico geral mensalmente. Uma orienta\u00e7\u00e3o m\u00e9dica seguida \u00e0 risca, mas cada vez mais dif\u00edcil de ser obedecida, j\u00e1 que o equipamento de sa\u00fade est\u00e1 no topo entre as UBSs com maior incid\u00eancia de faltas em consultas. Em toda a Rede de Aten\u00e7\u00e3o B\u00e1sica, a m\u00e9dia de faltas chega a ultrapassar 21%.<\/strong><\/p>\n<p>Para a diretora de Regula\u00e7\u00e3o da Unidade de Gest\u00e3o de Promo\u00e7\u00e3o da Sa\u00fade (UGPS), Fabiana Barrete de Alcantara Fredo, estas faltas impactam no acesso do usu\u00e1rio a especialistas como cl\u00ednico geral, pediatra e ginecologista. \u201cCada vez que o mun\u00edcipe n\u00e3o comparece \u00e0 consulta e n\u00e3o avisa, est\u00e1 pegando a vaga de algu\u00e9m, impedindo que a fila ande e deixando o profissional de sa\u00fade ocioso\u201d, aponta.<\/p>\n<p><strong>LEIA TAMB\u00c9M<\/strong><br \/>\n<a href=\"https:\/\/jundiai.sp.gov.br\/noticias\/2017\/06\/07\/caxumba-e-catapora-vacina-ainda-e-o-melhor-remedio\/\">Caxumba e Catapora: vacina ainda \u00e9 o melhor rem\u00e9dio<\/a><br \/>\n<a href=\"https:\/\/jundiai.sp.gov.br\/noticias\/2017\/06\/07\/vacina-da-gripe-sera-liberada-para-a-populacao-a-partir-do-dia-12\/\">Vacina da gripe ser\u00e1 liberada para a popula\u00e7\u00e3o a partir do dia 12<\/a><\/p>\n<p><div id=\"attachment_199179\" style=\"width: 410px\" class=\"wp-caption alignright\"><a href=\"https:\/\/jundiai.sp.gov.br\/noticias\/wp-content\/uploads\/sites\/32\/2017\/06\/Campanha_Vacinacao_dia_D-70.jpg\"><img loading=\"lazy\" decoding=\"async\" aria-describedby=\"caption-attachment-199179\" src=\"https:\/\/jundiai.sp.gov.br\/noticias\/wp-content\/uploads\/sites\/32\/2017\/06\/Campanha_Vacinacao_dia_D-70-1160x776.jpg\" alt=\"\" width=\"400\" height=\"350\" class=\"size-large wp-image-199179\" \/><\/a><p id=\"caption-attachment-199179\" class=\"wp-caption-text\">Faltas contribuem para aumento de filas nas UBSs<br \/><\/p><\/div>De acordo com levantamento feito pela UGPS, os campe\u00f5es em faltas s\u00e3o as UBSs do S\u00e3o Camilo, Jundia\u00ed-Mirim e Novo Horizonte, al\u00e9m das Unidades de Sa\u00fade da Fam\u00edlia (USFs) do Parque centen\u00e1rio e Rio Acima. \u201cEm comum s\u00e3o regi\u00f5es de alta vulnerabilidade, ou seja, \u00e1reas onde o atendimento prestado pela Rede de Aten\u00e7\u00e3o B\u00e1sica \u00e9 ainda mais importante\u201d, lembra Fabiana.<\/p>\n<p>Nos ambulat\u00f3rios a situa\u00e7\u00e3o n\u00e3o \u00e9 muito diferente. Ambulat\u00f3rios da Sa\u00fade da Mulher, de Especialidade (NIS) e de Geriatria e Gerontologia, nesta ordem, s\u00e3o os que mais registram aus\u00eancias nas consultas. \u201cQuando estamos falando de promo\u00e7\u00e3o de sa\u00fade todas as especialidades s\u00e3o importantes, mas, neste caso, estamos falando do cuidado com a mulher, com a gestante e do atendimento com especialistas que muitos usu\u00e1rios aguardam por um agendamento\u201d, explica.<\/p>\n<p><strong>Medidas<\/strong><br \/>\nFabiana revela, ainda, que esta m\u00e9dia de faltas \u00e9 reincidente e se repete desde abril de 2016. Na tentativa de reverter estas estat\u00edsticas, a UGPS tem ampliado o acesso ao sistema, permitindo que o cancelamento na consulta seja feito tamb\u00e9m por telefone. \u201cOcorre que ao marcar uma consulta, o usu\u00e1rio recebe uma filipeta. Quando desmarca por telefone, \u00e9 dada a baixa no sistema, mas n\u00e3o no sistema e muitos mun\u00edcipes, mesmo tendo desmarcado, comparecem \u00e0 consulta\u201d, esclarece.<\/p>\n<p>A nova gest\u00e3o tamb\u00e9m tomou outra medida na expectativa de reverter esse cen\u00e1rio de faltas dos pacientes. O aplicativo da Prefeitura de Jundia\u00ed, lan\u00e7ado em abril deste ano, notifica o usu\u00e1rio com um lembrete sobre a consulta marcada via dispositivo. Algo que j\u00e1 \u00e9 realizado em cl\u00ednica e consult\u00f3rios particulares, contempla, agora, o servi\u00e7o p\u00fablico.<\/p>\n<p>Fabiana orienta que a consulta seja desmarcada, se poss\u00edvel, at\u00e9 72 horas antes. Desta forma, ser\u00e1 poss\u00edvel o encaixe de pacientes que aguardam na fila. \u201cA UGPS realiza, constantemente, um monitoramento, assim como tem desenvolvido um trabalho de conscientiza\u00e7\u00e3o nas UBSs. Nossa meta \u00e9 baixar este \u00edndice de falta para 15%\u201d, espera.<\/p>\n<p>Enquanto isso, dona Marlene promete fiscalizar e espera que no pr\u00f3ximo levantamento realizado pela UGPS, a UBS do Jardim Novo Horizonte deixe de ocupar o topo da lista de faltantes.<\/p>\n<p><em><strong>Assessoria de Imprensa<br \/>\nFotos: Fot\u00f3grafos PMJ<\/strong><\/em><\/p>\n","protected":false},"excerpt":{"rendered":"<p>Faltas contribuem para aumento de filas nas UBSs. Cancelamento pode ser feito tamb\u00e9m por telefone<\/p>\n","protected":false},"author":30,"featured_media":199176,"comment_status":"closed","ping_status":"closed","sticky":false,"template":"","format":"standard","meta":{"footnotes":""},"categories":[2],"tags":[981,665,647],"ods":[],"class_list":["post-199175","post","type-post","status-publish","format-standard","has-post-thumbnail","hentry","category-noticias","tag-promocao-da-saude","tag-unidade-basica-de-saude-ubs","tag-unidade-de-saude-da-familia-usf"],"_links":{"self":[{"href":"https:\/\/jundiai.sp.gov.br\/noticias\/wp-json\/wp\/v2\/posts\/199175","targetHints":{"allow":["GET"]}}],"collection":[{"href":"https:\/\/jundiai.sp.gov.br\/noticias\/wp-json\/wp\/v2\/posts"}],"about":[{"href":"https:\/\/jundiai.sp.gov.br\/noticias\/wp-json\/wp\/v2\/types\/post"}],"author":[{"embeddable":true,"href":"https:\/\/jundiai.sp.gov.br\/noticias\/wp-json\/wp\/v2\/users\/30"}],"replies":[{"embeddable":true,"href":"https:\/\/jundiai.sp.gov.br\/noticias\/wp-json\/wp\/v2\/comments?post=199175"}],"version-history":[{"count":5,"href":"https:\/\/jundiai.sp.gov.br\/noticias\/wp-json\/wp\/v2\/posts\/199175\/revisions"}],"predecessor-version":[{"id":199202,"href":"https:\/\/jundiai.sp.gov.br\/noticias\/wp-json\/wp\/v2\/posts\/199175\/revisions\/199202"}],"wp:featuredmedia":[{"embeddable":true,"href":"https:\/\/jundiai.sp.gov.br\/noticias\/wp-json\/wp\/v2\/media\/199176"}],"wp:attachment":[{"href":"https:\/\/jundiai.sp.gov.br\/noticias\/wp-json\/wp\/v2\/media?parent=199175"}],"wp:term":[{"taxonomy":"category","embeddable":true,"href":"https:\/\/jundiai.sp.gov.br\/noticias\/wp-json\/wp\/v2\/categories?post=199175"},{"taxonomy":"post_tag","embeddable":true,"href":"https:\/\/jundiai.sp.gov.br\/noticias\/wp-json\/wp\/v2\/tags?post=199175"},{"taxonomy":"ods","embeddable":true,"href":"https:\/\/jundiai.sp.gov.br\/noticias\/wp-json\/wp\/v2\/ods?post=199175"}],"curies":[{"name":"wp","href":"https:\/\/api.w.org\/{rel}","templated":true}]}}