{"id":199206,"date":"2017-06-09T16:22:59","date_gmt":"2017-06-09T19:22:59","guid":{"rendered":"https:\/\/jundiai.sp.gov.br\/noticias\/?p=199206"},"modified":"2017-06-09T16:22:59","modified_gmt":"2017-06-09T19:22:59","slug":"programacao-11a-conferencia-municipal-de-assistencia-social","status":"publish","type":"post","link":"https:\/\/jundiai.sp.gov.br\/noticias\/2017\/06\/09\/programacao-11a-conferencia-municipal-de-assistencia-social\/","title":{"rendered":"Programa\u00e7\u00e3o 11\u00aa Confer\u00eancia Municipal de Assist\u00eancia Social"},"content":{"rendered":"<h2>20 de Julho<\/h2>\n<ul>\n<li><strong>das 8h \u00e0s 8h30<\/strong> \u2013 Credenciamento e caf\u00e9 de acolhida;<\/li>\n<li><strong>das 8h30 \u00e0s 9h30<\/strong> \u2013 Mesa de abertura da Confer\u00eancia;<\/li>\n<li><strong>das 9h30 \u00e0s 10h<\/strong> \u2013 Conferindo a Confer\u00eancia Municipal de Assist\u00eancia Social de 2015, pelo Gestor da Assist\u00eancia e Desenvolvimento Social;<\/li>\n<li><strong>das 10h \u00e0s 11h30<\/strong> \u2013 Palestra Magna \u2013 Palestrante T\u00e2nia Mara Garib \u2013 Tema: &#8220;Garantia de Direitos no Fortalecimento do SUAS&#8221;;<\/li>\n<li><strong>das 11h30 \u00e0s 12h<\/strong> \u2013 Debates;<\/li>\n<li><strong>das 12h \u00e0s 13h<\/strong> \u2013 Almo\u00e7o;<\/li>\n<li><strong>das 13h \u00e0s 13h<\/strong> \u2013 Leitura do Regimento Interno;<\/li>\n<li><strong>das 13h30 \u00e0s 15h30<\/strong> \u2013 Grupos de Trabalho (de acordo com cada tem\u00e1tica);<\/li>\n<li><strong>das 15h30 \u00e0s 15h45<\/strong> \u2013 Caf\u00e9;<\/li>\n<li><strong>das 15h45 \u00e0s 17h<\/strong> \u2013 Continua\u00e7\u00e3o das Atividades dos Grupos de Trabalho (de acordo com cada tem\u00e1tica);<\/li>\n<li><strong>das 17h \u00e0s 17h30<\/strong> \u2013 Orienta\u00e7\u00f5es e encerramento do 1\u00ba dia de Confer\u00eancia;<\/li>\n<\/ul>\n<h2>21 de Julho<\/h2>\n<ul>\n<li><strong>das 8h \u00e0s 8h30<\/strong> \u2013 Lista de presen\u00e7a e caf\u00e9 de acolhida;<\/li>\n<li>das 8h30 \u00e0s 12h00 \u2013 Apresenta\u00e7\u00e3o (leitura) e debates e supress\u00f5es das prioridades para o Munic\u00edpio, Estado e Uni\u00e3o;<\/li>\n<li><strong>das 12h \u00e0s 13h<\/strong> \u2013 Almo\u00e7o;<\/li>\n<li><strong>das 13h \u00e0s 15h<\/strong> \u2013 Conclus\u00e3o dos debates e supress\u00f5es das prioridades para o Munic\u00edpio, Estado e Uni\u00e3o;<\/li>\n<li><strong>das 15h \u00e0s 15h45<\/strong> \u2013 Escolha de candidatos representantes da sociedade civil dos segmentos: Entidades, Trabalhadores do Setor e Usu\u00e1rios que concorrer\u00e3o \u00e0 elei\u00e7\u00e3o de Delegado para a 11\u00aa\u00a0Confer\u00eancia Estadual de Assist\u00eancia Social;<\/li>\n<li><strong>das 15h45 \u00e0s 16h<\/strong> \u2013 Caf\u00e9;<\/li>\n<li><strong>das 16h \u00e0s 17h<\/strong> \u2013 Apresenta\u00e7\u00e3o de Candidaturas e Elei\u00e7\u00e3o dos Delegados para representar o Munic\u00edpio na XI Confer\u00eancia Estadual de Assist\u00eancia Social;<\/li>\n<li><strong>\u00e0s 17h<\/strong> \u2013 Encerramento da Confer\u00eancia.<\/li>\n<\/ul>\n","protected":false},"excerpt":{"rendered":"<p>20 de Julho das 8h \u00e0s 8h30 \u2013 Credenciamento e caf\u00e9 de acolhida; das 8h30 \u00e0s 9h30 \u2013 Mesa de abertura da Confer\u00eancia; das 9h30 \u00e0s 10h \u2013 Conferindo a Confer\u00eancia Municipal de Assist\u00eancia Social de 2015, pelo Gestor da Assist\u00eancia e Desenvolvimento Social; das 10h \u00e0s 11h30 \u2013 Palestra Magna \u2013 Palestrante T\u00e2nia Mara [&hellip;]<\/p>\n","protected":false},"author":14,"featured_media":0,"comment_status":"closed","ping_status":"closed","sticky":false,"template":"","format":"standard","meta":{"footnotes":""},"categories":[2],"tags":[980,599],"ods":[],"class_list":["post-199206","post","type-post","status-publish","format-standard","hentry","category-noticias","tag-assistencia-e-desenvolvimento-social","tag-conselho-de-assistencia-social-cmas"],"_links":{"self":[{"href":"https:\/\/jundiai.sp.gov.br\/noticias\/wp-json\/wp\/v2\/posts\/199206","targetHints":{"allow":["GET"]}}],"collection":[{"href":"https:\/\/jundiai.sp.gov.br\/noticias\/wp-json\/wp\/v2\/posts"}],"about":[{"href":"https:\/\/jundiai.sp.gov.br\/noticias\/wp-json\/wp\/v2\/types\/post"}],"author":[{"embeddable":true,"href":"https:\/\/jundiai.sp.gov.br\/noticias\/wp-json\/wp\/v2\/users\/14"}],"replies":[{"embeddable":true,"href":"https:\/\/jundiai.sp.gov.br\/noticias\/wp-json\/wp\/v2\/comments?post=199206"}],"version-history":[{"count":3,"href":"https:\/\/jundiai.sp.gov.br\/noticias\/wp-json\/wp\/v2\/posts\/199206\/revisions"}],"predecessor-version":[{"id":199216,"href":"https:\/\/jundiai.sp.gov.br\/noticias\/wp-json\/wp\/v2\/posts\/199206\/revisions\/199216"}],"wp:attachment":[{"href":"https:\/\/jundiai.sp.gov.br\/noticias\/wp-json\/wp\/v2\/media?parent=199206"}],"wp:term":[{"taxonomy":"category","embeddable":true,"href":"https:\/\/jundiai.sp.gov.br\/noticias\/wp-json\/wp\/v2\/categories?post=199206"},{"taxonomy":"post_tag","embeddable":true,"href":"https:\/\/jundiai.sp.gov.br\/noticias\/wp-json\/wp\/v2\/tags?post=199206"},{"taxonomy":"ods","embeddable":true,"href":"https:\/\/jundiai.sp.gov.br\/noticias\/wp-json\/wp\/v2\/ods?post=199206"}],"curies":[{"name":"wp","href":"https:\/\/api.w.org\/{rel}","templated":true}]}}