{"id":199274,"date":"2017-06-09T18:07:01","date_gmt":"2017-06-09T21:07:01","guid":{"rendered":"https:\/\/jundiai.sp.gov.br\/noticias\/?p=199274"},"modified":"2017-06-14T13:39:17","modified_gmt":"2017-06-14T16:39:17","slug":"conselho-de-assistencia-social-abre-inscricoes-para-conferencia-municipal","status":"publish","type":"post","link":"https:\/\/jundiai.sp.gov.br\/noticias\/2017\/06\/09\/conselho-de-assistencia-social-abre-inscricoes-para-conferencia-municipal\/","title":{"rendered":"Conselho de Assist\u00eancia Social abre inscri\u00e7\u00f5es para Confer\u00eancia Municipal"},"content":{"rendered":"<p><strong>O Conselho Municipal de Assist\u00eancia Social (CMAS) abre nesta segunda-feira (12) as inscri\u00e7\u00f5es online para os interessados em participar da etapa municipal da 11\u00aa Confer\u00eancia de Assist\u00eancia Social, cujo tema \u00e9 \u201cGarantia dos Direitos no fortalecimento do Sistema \u00danico de Assist\u00eancia Social (SUAS)\u201d. Podem participar representantes da sociedade civil, governos, organiza\u00e7\u00f5es e entidades, principalmente assistentes sociais, educadores, orientadores, al\u00e9m de estudantes. O prazo para inscri\u00e7\u00f5es \u00e9 dia 10 de julho e est\u00e3o dispon\u00edveis 200 vagas.<\/strong><\/p>\n<p><a href=\"https:\/\/docs.google.com\/a\/jundiai.sp.gov.br\/forms\/d\/e\/1FAIpQLSfljkS7AxQ_3743ZmoijIVSOfypTIgBR-KWs1Umaru-IFzbPg\/viewform?c=0&#038;w=1\" target=\"_blank\">FA\u00c7A A SUA INSCRI\u00c7\u00c3O<\/a><\/p>\n<p>A Confer\u00eancia ser\u00e1 realizada nos dias 20 e 21 de julho, das 8h \u00e0s 17h, na sala Elis Regina do Complexo Argos, que fica no endere\u00e7o \u00e9 avenida Dr. Cavalcanti, 396, Vila Arens. O evento ter\u00e1 a participa\u00e7\u00e3o especial da cirurgi\u00e3-dentista e mestra T\u00e2nia Mara Garib, militante da pol\u00edtica de assist\u00eancia social e participante da organiza\u00e7\u00e3o direta da Confer\u00eancia Nacional de Assist\u00eancia Social.<\/p>\n<p><strong>LEIA TAMB\u00c9M<\/strong><br \/>\n<a href=\"https:\/\/jundiai.sp.gov.br\/noticias\/2017\/06\/08\/cadastro-unico-promove-mudancas-para-tornar-atendimento-mais-humanizado\/\">Cadastro \u00danico promove mudan\u00e7as para melhorar atendimento<\/a><\/p>\n<p><div id=\"attachment_199276\" style=\"width: 410px\" class=\"wp-caption alignright\"><a href=\"https:\/\/jundiai.sp.gov.br\/noticias\/wp-content\/uploads\/sites\/32\/2017\/06\/DAE_Auditorio-10.jpg\"><img loading=\"lazy\" decoding=\"async\" aria-describedby=\"caption-attachment-199276\" src=\"https:\/\/jundiai.sp.gov.br\/noticias\/wp-content\/uploads\/sites\/32\/2017\/06\/DAE_Auditorio-10-1160x708.jpg\" alt=\"\" width=\"400\" height=\"350\" class=\"size-large wp-image-199276\" \/><\/a><p id=\"caption-attachment-199276\" class=\"wp-caption-text\">T\u00e2nia Garib participou nesta segunda-feira (5) da capacita\u00e7\u00e3o de t\u00e9cnicos para as reuni\u00f5es ampliadas com a comunidade<br \/><\/p><\/div>Na ocasi\u00e3o, al\u00e9m de palestras, debates e pondera\u00e7\u00f5es a respeito das delibera\u00e7\u00f5es da \u00faltima confer\u00eancia, em 2015, os participantes ir\u00e3o se dividir em grupos de discuss\u00e3o de eixos tem\u00e1ticos e devem decidir pelas novas propostas a serem encaminhadas \u00e0 etapa estadual da Confer\u00eancia, em outubro, bem como eleger os candidatos representantes dos segmentos. Sucessivamente, de 5 a 8 de dezembro est\u00e1 marcada a etapa nacional da Confer\u00eancia.<\/p>\n<p><a href=\"https:\/\/jundiai.sp.gov.br\/noticias\/2017\/06\/09\/programacao-11a-conferencia-municipal-de-assistencia-social\/\">CONFIRA A PROGRAMA\u00c7\u00c3O DA CONFER\u00caNCIA<\/a><\/p>\n<p>Para a presidente do CMAS, Maria Aparecida Carlos, \u201ca import\u00e2ncia da Confer\u00eancia no Munic\u00edpio est\u00e1 no fato de incentivar a participa\u00e7\u00e3o da comunidade e em dar visibilidade \u00e0 pol\u00edtica social, que \u00e9 t\u00e3o importante quanto a Sa\u00fade e a Educa\u00e7\u00e3o.\u201d Maria Aparecida acrescenta, ainda, que as inscri\u00e7\u00f5es devem ser feitas pela internet, mas que os interessados podem obter mais informa\u00e7\u00f5es pelos telefones 4522-0333 e 4497-0008.<\/p>\n<p><strong>Reuni\u00f5es ampliadas<\/strong><br \/>\nComo etapa pr\u00e9via \u00e0 Confer\u00eancia Municipal, a fim de dialogar com a comunidade nos territ\u00f3rios dos Centro de Refer\u00eancia de Assist\u00eancia Social (Cras), Centro de Refer\u00eancia Especializado de Assist\u00eancia Social (Creas), Centro de Refer\u00eancia do Idoso (Criju) e Centro Pop, os conselheiros e t\u00e9cnicos devem trazer uma discuss\u00e3o antecipada junto \u00e0 popula\u00e7\u00e3o, no dia 29 de junho, das 14h \u00e0s 17h, nos equipamentos listados abaixo, que representam os territ\u00f3rios de a\u00e7\u00e3o. \u201cA ideia \u00e9 que a popula\u00e7\u00e3o participe das reuni\u00f5es ampliadas para que chegue \u00e0 Confer\u00eancia apropriada dos temas e possa participar efetivamente da discuss\u00e3o\u201d, explica Maria Aparecida.<\/p>\n<p><strong>Locais de realiza\u00e7\u00e3o das reuni\u00f5es ampliadas por territ\u00f3rio:<\/strong><\/p>\n<p>1) Territ\u00f3rio do Cras Jardim Novo Horizonte<br \/>\nAvenida Prof\u00aa. Danielle Louren\u00e7on, 561, Jardim Novo Horizonte;<\/p>\n<p>2) Territ\u00f3rio do Cras Jardim S\u00e3o Camilo<br \/>\nEscola Estadual Prof\u00aa. Maria Jos\u00e9 Maia de Toledo \u2013 Rua Pedro Latance, s\/n\u00ba, Jardim S\u00e3o Camilo;<\/p>\n<p>3) Territ\u00f3rio do Cras Jardim Tamoio<br \/>\nCapela S\u00e3o Francisco de Assis \u2013 Avenida Manoel de Almeida Curado, 142, Jardim Tamoio;<\/p>\n<p>4) Territ\u00f3rio do Cras Jardim Santa Gertrudes<br \/>\nFutura \u2013 Rua Padre Norberto Mojola, 40, Jardim Santa Gertrudes;<\/p>\n<p>5) Territ\u00f3rio do Cras Vista Alegre<br \/>\nRua Cabo Edvaldo Quirino Santana, s\/n\u00ba, pra\u00e7a CEU das Artes, Vista Alegre;<\/p>\n<p>6) Territ\u00f3rio do Cras Central<br \/>\nClube Vinte e Oito de Setembro \u2013 Rua Petronilha Antunes, 363, Centro;<\/p>\n<p>7) Territ\u00f3rio do Creas e Creas Pop<br \/>\nRua Marechal Deodoro da Fonseca, 504, Centro;<\/p>\n<p>8) Territ\u00f3rio do Criju e Fam\u00edlia Acolhedora<br \/>\nAvenida Dr. Cavalcanti, 396, vila Arens.<\/p>\n<p><em><strong>Assessoria de Imprensa<br \/>\nFoto: Fot\u00f3grafos PMJ<\/strong><\/em><\/p>\n","protected":false},"excerpt":{"rendered":"<p>O Conselho Municipal de Assist\u00eancia Social (CMAS) abre nesta segunda-feira (12) as inscri\u00e7\u00f5es online para os interessados em participar da etapa municipal da 11\u00aa Confer\u00eancia de Assist\u00eancia Social, cujo tema \u00e9 \u201cGarantia dos Direitos no fortalecimento do Sistema \u00danico de Assist\u00eancia Social (SUAS)\u201d. Podem participar representantes da sociedade civil, governos, organiza\u00e7\u00f5es e entidades, principalmente assistentes [&hellip;]<\/p>\n","protected":false},"author":30,"featured_media":0,"comment_status":"closed","ping_status":"closed","sticky":false,"template":"","format":"standard","meta":{"footnotes":""},"categories":[2],"tags":[980,664,53,74,419],"ods":[],"class_list":["post-199274","post","type-post","status-publish","format-standard","hentry","category-noticias","tag-assistencia-e-desenvolvimento-social","tag-centro-de-referencia-de-assistencia-social-cras","tag-centro-de-referencia-do-idoso-criju","tag-centro-pop","tag-complexo-argos"],"_links":{"self":[{"href":"https:\/\/jundiai.sp.gov.br\/noticias\/wp-json\/wp\/v2\/posts\/199274","targetHints":{"allow":["GET"]}}],"collection":[{"href":"https:\/\/jundiai.sp.gov.br\/noticias\/wp-json\/wp\/v2\/posts"}],"about":[{"href":"https:\/\/jundiai.sp.gov.br\/noticias\/wp-json\/wp\/v2\/types\/post"}],"author":[{"embeddable":true,"href":"https:\/\/jundiai.sp.gov.br\/noticias\/wp-json\/wp\/v2\/users\/30"}],"replies":[{"embeddable":true,"href":"https:\/\/jundiai.sp.gov.br\/noticias\/wp-json\/wp\/v2\/comments?post=199274"}],"version-history":[{"count":7,"href":"https:\/\/jundiai.sp.gov.br\/noticias\/wp-json\/wp\/v2\/posts\/199274\/revisions"}],"predecessor-version":[{"id":199538,"href":"https:\/\/jundiai.sp.gov.br\/noticias\/wp-json\/wp\/v2\/posts\/199274\/revisions\/199538"}],"wp:attachment":[{"href":"https:\/\/jundiai.sp.gov.br\/noticias\/wp-json\/wp\/v2\/media?parent=199274"}],"wp:term":[{"taxonomy":"category","embeddable":true,"href":"https:\/\/jundiai.sp.gov.br\/noticias\/wp-json\/wp\/v2\/categories?post=199274"},{"taxonomy":"post_tag","embeddable":true,"href":"https:\/\/jundiai.sp.gov.br\/noticias\/wp-json\/wp\/v2\/tags?post=199274"},{"taxonomy":"ods","embeddable":true,"href":"https:\/\/jundiai.sp.gov.br\/noticias\/wp-json\/wp\/v2\/ods?post=199274"}],"curies":[{"name":"wp","href":"https:\/\/api.w.org\/{rel}","templated":true}]}}