{"id":199541,"date":"2017-06-14T17:21:55","date_gmt":"2017-06-14T20:21:55","guid":{"rendered":"https:\/\/jundiai.sp.gov.br\/noticias\/?p=199541"},"modified":"2017-06-14T19:00:47","modified_gmt":"2017-06-14T22:00:47","slug":"comdema-realiza-reuniao-ordinaria-na-unidam","status":"publish","type":"post","link":"https:\/\/jundiai.sp.gov.br\/noticias\/2017\/06\/14\/comdema-realiza-reuniao-ordinaria-na-unidam\/","title":{"rendered":"Comdema realiza reuni\u00e3o ordin\u00e1ria na Unidam"},"content":{"rendered":"<p><div id=\"attachment_199542\" style=\"width: 410px\" class=\"wp-caption alignleft\"><a href=\"https:\/\/jundiai.sp.gov.br\/noticias\/wp-content\/uploads\/sites\/32\/2017\/06\/reuni\u00e3o-condema-1.jpg\"><img loading=\"lazy\" decoding=\"async\" aria-describedby=\"caption-attachment-199542\" src=\"https:\/\/jundiai.sp.gov.br\/noticias\/wp-content\/uploads\/sites\/32\/2017\/06\/reuni\u00e3o-condema-1-1160x739.jpg\" alt=\"\" width=\"400\" height=\"350\" class=\"size-large wp-image-199542\" \/><\/a><p id=\"caption-attachment-199542\" class=\"wp-caption-text\">Reuni\u00e3o ordin\u00e1ria tratou de assuntos ligados \u00e0 prote\u00e7\u00e3o do Meio Ambiente<br \/><\/p><\/div><strong>Na tarde desta quarta-feira (14), o Conselho Municipal de Defesa do Meio Ambiente realizou, no audit\u00f3rio da Unidam, a reuni\u00e3o mensal ordin\u00e1ria para tratar de assuntos ligados \u00e0 prote\u00e7\u00e3o do Meio Ambiente. Na ocasi\u00e3o, foi aprovada a Ata da 21\u00aa reuni\u00e3o, realizada no m\u00eas passado.<\/strong><\/p>\n<p>Durante o encontro, os integrantes do Conselho tamb\u00e9m discutiram a cria\u00e7\u00e3o de uma Comiss\u00e3o de Estudo, conforme processo 3.399\/13 que trata da composi\u00e7\u00e3o do Comdema. A revis\u00e3o da Lei 417\/04 e da Lei Complementar 518, al\u00e9m do processo de regulariza\u00e7\u00e3o da edifica\u00e7\u00e3o de alambique no bairro Santa Clara, foram outros temas debatidos no encontro.<br \/>\n<strong><br \/>\nAssessoria de Imprensa<br \/>\nFoto: Fot\u00f3grafos PMJ<\/strong><\/p>\n","protected":false},"excerpt":{"rendered":"<p>Na tarde desta quarta-feira (14), o Conselho Municipal de Defesa do Meio Ambiente realizou, no audit\u00f3rio da Unidam, a reuni\u00e3o mensal ordin\u00e1ria para tratar de assuntos ligados \u00e0 prote\u00e7\u00e3o do Meio Ambiente. Na ocasi\u00e3o, foi aprovada a Ata da 21\u00aa reuni\u00e3o, realizada no m\u00eas passado. Durante o encontro, os integrantes do Conselho tamb\u00e9m discutiram a [&hellip;]<\/p>\n","protected":false},"author":30,"featured_media":0,"comment_status":"closed","ping_status":"closed","sticky":false,"template":"","format":"standard","meta":{"footnotes":""},"categories":[2],"tags":[498,984,742],"ods":[],"class_list":["post-199541","post","type-post","status-publish","format-standard","hentry","category-noticias","tag-conselho-de-defesa-do-meio-ambiente-comdema","tag-planejamento-urbano-e-meio-ambiente","tag-unidade-de-desenvolvimento-ambiental-unidam"],"_links":{"self":[{"href":"https:\/\/jundiai.sp.gov.br\/noticias\/wp-json\/wp\/v2\/posts\/199541","targetHints":{"allow":["GET"]}}],"collection":[{"href":"https:\/\/jundiai.sp.gov.br\/noticias\/wp-json\/wp\/v2\/posts"}],"about":[{"href":"https:\/\/jundiai.sp.gov.br\/noticias\/wp-json\/wp\/v2\/types\/post"}],"author":[{"embeddable":true,"href":"https:\/\/jundiai.sp.gov.br\/noticias\/wp-json\/wp\/v2\/users\/30"}],"replies":[{"embeddable":true,"href":"https:\/\/jundiai.sp.gov.br\/noticias\/wp-json\/wp\/v2\/comments?post=199541"}],"version-history":[{"count":2,"href":"https:\/\/jundiai.sp.gov.br\/noticias\/wp-json\/wp\/v2\/posts\/199541\/revisions"}],"predecessor-version":[{"id":199544,"href":"https:\/\/jundiai.sp.gov.br\/noticias\/wp-json\/wp\/v2\/posts\/199541\/revisions\/199544"}],"wp:attachment":[{"href":"https:\/\/jundiai.sp.gov.br\/noticias\/wp-json\/wp\/v2\/media?parent=199541"}],"wp:term":[{"taxonomy":"category","embeddable":true,"href":"https:\/\/jundiai.sp.gov.br\/noticias\/wp-json\/wp\/v2\/categories?post=199541"},{"taxonomy":"post_tag","embeddable":true,"href":"https:\/\/jundiai.sp.gov.br\/noticias\/wp-json\/wp\/v2\/tags?post=199541"},{"taxonomy":"ods","embeddable":true,"href":"https:\/\/jundiai.sp.gov.br\/noticias\/wp-json\/wp\/v2\/ods?post=199541"}],"curies":[{"name":"wp","href":"https:\/\/api.w.org\/{rel}","templated":true}]}}