{"id":199620,"date":"2017-06-19T15:47:36","date_gmt":"2017-06-19T18:47:36","guid":{"rendered":"https:\/\/jundiai.sp.gov.br\/noticias\/?p=199620"},"modified":"2017-06-21T16:01:11","modified_gmt":"2017-06-21T19:01:11","slug":"ruas-recebem-mais-de-3-mil-metros-de-sinalizacao-horizontal","status":"publish","type":"post","link":"https:\/\/jundiai.sp.gov.br\/noticias\/2017\/06\/19\/ruas-recebem-mais-de-3-mil-metros-de-sinalizacao-horizontal\/","title":{"rendered":"Ruas recebem mais de 3 mil metros de sinaliza\u00e7\u00e3o horizontal"},"content":{"rendered":"<p><strong>Com o prop\u00f3sito de garantir mais seguran\u00e7a no tr\u00e2nsito do munic\u00edpio, a Unidade de Gest\u00e3o de Mobilidade e Transporte (UGMT) implantou, somente no m\u00eas de maio, 3.501 metros quadrados de sinaliza\u00e7\u00e3o horizontal em v\u00e1rios pontos da cidade. Bairros como Eloy Chaves, Fazenda Grande, Jardim Pacaembu, Almerinda Chaves, Santa Gertrudes, Hortol\u00e2ndia, Vianelo, Cecap, Centro, Horto Florestal, Medeiros e Vila Rami foram contemplados com a sinaliza\u00e7\u00e3o, bem como com manuten\u00e7\u00f5es.<\/strong><\/p>\n<p>Al\u00e9m disso, 511 placas de regulamenta\u00e7\u00e3o e advert\u00eancia foram instaladas, bem como algumas vagas especiais nos bairros Jardim do Lago e regi\u00e3o central, al\u00e9m da faixa de pedestre na Cidade Nova. Tamb\u00e9m a fim de aumentar a seguran\u00e7a para os pedestres, a UGMT implantou, nas ruas Coronel Boaventura Mendes Pereira, Anchieta e Zacarias de G\u00f3es, um sistema de contagem de tempo semaf\u00f3rico para travessia. O sem\u00e1foro j\u00e1 existente no local foi munido de botoeira, que, quando acionada pelos pedestres, proporciona tempo espec\u00edfico para travessia, informa a UGMT.<\/p>\n<p><strong>LEIA TAMB\u00c9M<\/strong><br \/>\n<a href=\"https:\/\/jundiai.sp.gov.br\/noticias\/2017\/06\/09\/mais-de-16-mil-pessoas-participaram-das-acoes-do-maio-amarelo\/\">Mais de 16 mil pessoas participaram das a\u00e7\u00f5es do \u2018Maio Amarelo\u2019<\/a><\/p>\n<p>Segundo o diretor de Tr\u00e2nsito, Wlamir Lopes da Costa, constantes an\u00e1lises s\u00e3o feitas para garantir a seguran\u00e7a de quem utiliza as vias. \u201cEstamos ampliando a an\u00e1lise dos tempos semaf\u00f3ricos da cidade para garantir que haja tempo espec\u00edfico para a travessia de pedestres\u201d, explica.<\/p>\n<p>A UGMT investe de modo intensivo em a\u00e7\u00f5es de melhoria da sinaliza\u00e7\u00e3o e vem aplicando esfor\u00e7os nas a\u00e7\u00f5es de engenharia visando aumentar a seguran\u00e7a vi\u00e1ria e diminuir o n\u00famero de acidentes, completa Wlamir.<br \/>\n<em><br \/>\n<strong>Assessoria de Imprensa<br \/>\nFoto: Assessoria de Imprensa<\/strong><\/em><\/p>\n","protected":false},"excerpt":{"rendered":"<p>Al\u00e9m disso, 511 placas de regulamenta\u00e7\u00e3o e advert\u00eancia foram instaladas, bem como algumas vagas especiais e faixa de pedestre<\/p>\n","protected":false},"author":30,"featured_media":199642,"comment_status":"closed","ping_status":"closed","sticky":false,"template":"","format":"standard","meta":{"footnotes":""},"categories":[2],"tags":[982],"ods":[],"class_list":["post-199620","post","type-post","status-publish","format-standard","has-post-thumbnail","hentry","category-noticias","tag-mobilidade-e-transporte"],"_links":{"self":[{"href":"https:\/\/jundiai.sp.gov.br\/noticias\/wp-json\/wp\/v2\/posts\/199620","targetHints":{"allow":["GET"]}}],"collection":[{"href":"https:\/\/jundiai.sp.gov.br\/noticias\/wp-json\/wp\/v2\/posts"}],"about":[{"href":"https:\/\/jundiai.sp.gov.br\/noticias\/wp-json\/wp\/v2\/types\/post"}],"author":[{"embeddable":true,"href":"https:\/\/jundiai.sp.gov.br\/noticias\/wp-json\/wp\/v2\/users\/30"}],"replies":[{"embeddable":true,"href":"https:\/\/jundiai.sp.gov.br\/noticias\/wp-json\/wp\/v2\/comments?post=199620"}],"version-history":[{"count":4,"href":"https:\/\/jundiai.sp.gov.br\/noticias\/wp-json\/wp\/v2\/posts\/199620\/revisions"}],"predecessor-version":[{"id":199625,"href":"https:\/\/jundiai.sp.gov.br\/noticias\/wp-json\/wp\/v2\/posts\/199620\/revisions\/199625"}],"wp:featuredmedia":[{"embeddable":true,"href":"https:\/\/jundiai.sp.gov.br\/noticias\/wp-json\/wp\/v2\/media\/199642"}],"wp:attachment":[{"href":"https:\/\/jundiai.sp.gov.br\/noticias\/wp-json\/wp\/v2\/media?parent=199620"}],"wp:term":[{"taxonomy":"category","embeddable":true,"href":"https:\/\/jundiai.sp.gov.br\/noticias\/wp-json\/wp\/v2\/categories?post=199620"},{"taxonomy":"post_tag","embeddable":true,"href":"https:\/\/jundiai.sp.gov.br\/noticias\/wp-json\/wp\/v2\/tags?post=199620"},{"taxonomy":"ods","embeddable":true,"href":"https:\/\/jundiai.sp.gov.br\/noticias\/wp-json\/wp\/v2\/ods?post=199620"}],"curies":[{"name":"wp","href":"https:\/\/api.w.org\/{rel}","templated":true}]}}