{"id":199701,"date":"2017-06-20T14:35:22","date_gmt":"2017-06-20T17:35:22","guid":{"rendered":"https:\/\/jundiai.sp.gov.br\/noticias\/?p=199701"},"modified":"2017-06-20T14:35:22","modified_gmt":"2017-06-20T17:35:22","slug":"festivais-multiesportivos-comecam-no-sabado-24","status":"publish","type":"post","link":"https:\/\/jundiai.sp.gov.br\/noticias\/2017\/06\/20\/festivais-multiesportivos-comecam-no-sabado-24\/","title":{"rendered":"Festivais Multiesportivos come\u00e7am no s\u00e1bado (24)"},"content":{"rendered":"<p><strong>Nada melhor do que encerrar as atividades do semestre com uma festa para celebrar o esporte. \u00c9 assim que a Unidade de Gest\u00e3o de Esporte e Lazer (UGEL) inicia, a partir deste s\u00e1bado (24), a programa\u00e7\u00e3o dos Festivais Multiesportivos. As atividades ser\u00e3o realizadas em dois per\u00edodos, das 8h \u00e0s 11h30 e das 14h \u00e0s 17h30.<\/strong><\/p>\n<p>A proposta do Departamento de Esporte Educacional e Participa\u00e7\u00e3o da UGEL \u00e9 promover a intera\u00e7\u00e3o entre os alunos, aprendendo e se divertindo ao mesmo tempo. \u201cAl\u00e9m de participarem de jogos da modalidade que praticam, os alunos ter\u00e3o a oportunidade de vivenciar outros esportes que n\u00e3o os do dia a dia e, assim, experimentar novas pr\u00e1ticas e, quem sabe, se interessar por mais de uma modalidade\u201d, acredita a diretora do departamento de esporte Educacional e participa\u00e7\u00e3o, M\u00e1rcia Pavan Guilherme.<\/p>\n<p><strong>LEIA TAMB\u00c9M<\/strong><br \/>\n<a href=\"https:\/\/jundiai.sp.gov.br\/noticias\/2017\/06\/19\/prefeitura-entrega-o-selo-amiga-do-esporte-as-escolas-e-empresas\/\">Prefeitura entrega o selo \u201cAmiga do Esporte\u201d \u00e0s escolas e empresas<\/a><br \/>\n<a href=\"https:\/\/jundiai.sp.gov.br\/noticias\/2017\/06\/14\/jundiai-vai-sediar-jogos-estaduais-das-olimpiadas-especiais\/\">Jundia\u00ed vai sediar Jogos Estaduais das Olimp\u00edadas Especiais<\/a><\/p>\n<p>Abrindo a temporada, ainda no s\u00e1bado (24), \u00e0s 7h30, no Complexo Esportivo Doutor Nicolino de Lucca, o Bol\u00e3o, cerca de 500 crian\u00e7as devem participar do Festival da Gin\u00e1stica Art\u00edstica. A programa\u00e7\u00e3o continua ao longo da semana. No dia 26, no Complexo Aramis Polli, na Vila Hortol\u00e2ndia, crian\u00e7as entre 14 e 17 anos, participam do Festival de Futebol, pela manh\u00e3 e \u00e0 tarde.<\/p>\n<p>O Festival de Basquete e de V\u00f4lei est\u00e1 marcado para o dia 27, no Bol\u00e3o, nos per\u00edodos da manh\u00e3 e tarde. O Complexo Esportivo Rom\u00e3o Souza, no bairro Col\u00f4nia, sedia no dia 28, tamb\u00e9m durante a manh\u00e3 e a tarde, o Festival de Gin\u00e1stica R\u00edtmica envolvendo crian\u00e7as entre 6 e 17 anos.<\/p>\n<p>Seguindo a programa\u00e7\u00e3o, no dia 1 de julho, o est\u00e1dio Jayme Cintra reunir\u00e1 aproximadamente 400 crian\u00e7as para o Festival de Futebol. Na ocasi\u00e3o, os alunos ter\u00e3o a oportunidade de conhecer as modalidade de futsal e handebol, al\u00e9m de conhecer as depend\u00eancias do est\u00e1dio. As atividades ser\u00e3o realizadas das 8h \u00e0s 12h.<\/p>\n<p>Os festivais s\u00e3o destinados aos alunos que frequentam as aulas dos Complexos Esportivos de Jundia\u00ed, incluindo crian\u00e7as e adolescentes com idade que variam entre 6 e 17 anos. Os adultos tamb\u00e9m estar\u00e3o na programa\u00e7\u00e3o marcando presen\u00e7a no Festival de Esporte da Participa\u00e7\u00e3o, que ocorre no dia 3 de julho, no Bol\u00e3o, a partir das 7h30.<\/p>\n<p>Encerrando a programa\u00e7\u00e3o, no dia 4, crian\u00e7as de 6 a 9 anos v\u00e3o participar do Festival de modalidades envolvendo bola. No mesmo dia, o Aramis Polli recebe o Festival de Badminton, com atividades extras de jogos recreativos.<\/p>\n<p><em><strong>Assessoria de Imprensa<\/strong><\/em><\/p>\n","protected":false},"excerpt":{"rendered":"<p>Nada melhor do que encerrar as atividades do semestre com uma festa para celebrar o esporte. \u00c9 assim que a Unidade de Gest\u00e3o de Esporte e Lazer (UGEL) inicia, a partir deste s\u00e1bado (24), a programa\u00e7\u00e3o dos Festivais Multiesportivos. As atividades ser\u00e3o realizadas em dois per\u00edodos, das 8h \u00e0s 11h30 e das 14h \u00e0s 17h30. [&hellip;]<\/p>\n","protected":false},"author":30,"featured_media":0,"comment_status":"closed","ping_status":"closed","sticky":false,"template":"","format":"standard","meta":{"footnotes":""},"categories":[2],"tags":[110,411,144],"ods":[],"class_list":["post-199701","post","type-post","status-publish","format-standard","hentry","category-noticias","tag-bolao","tag-centro-esportivo","tag-estadio-dr-jayme-cintra"],"_links":{"self":[{"href":"https:\/\/jundiai.sp.gov.br\/noticias\/wp-json\/wp\/v2\/posts\/199701","targetHints":{"allow":["GET"]}}],"collection":[{"href":"https:\/\/jundiai.sp.gov.br\/noticias\/wp-json\/wp\/v2\/posts"}],"about":[{"href":"https:\/\/jundiai.sp.gov.br\/noticias\/wp-json\/wp\/v2\/types\/post"}],"author":[{"embeddable":true,"href":"https:\/\/jundiai.sp.gov.br\/noticias\/wp-json\/wp\/v2\/users\/30"}],"replies":[{"embeddable":true,"href":"https:\/\/jundiai.sp.gov.br\/noticias\/wp-json\/wp\/v2\/comments?post=199701"}],"version-history":[{"count":2,"href":"https:\/\/jundiai.sp.gov.br\/noticias\/wp-json\/wp\/v2\/posts\/199701\/revisions"}],"predecessor-version":[{"id":199703,"href":"https:\/\/jundiai.sp.gov.br\/noticias\/wp-json\/wp\/v2\/posts\/199701\/revisions\/199703"}],"wp:attachment":[{"href":"https:\/\/jundiai.sp.gov.br\/noticias\/wp-json\/wp\/v2\/media?parent=199701"}],"wp:term":[{"taxonomy":"category","embeddable":true,"href":"https:\/\/jundiai.sp.gov.br\/noticias\/wp-json\/wp\/v2\/categories?post=199701"},{"taxonomy":"post_tag","embeddable":true,"href":"https:\/\/jundiai.sp.gov.br\/noticias\/wp-json\/wp\/v2\/tags?post=199701"},{"taxonomy":"ods","embeddable":true,"href":"https:\/\/jundiai.sp.gov.br\/noticias\/wp-json\/wp\/v2\/ods?post=199701"}],"curies":[{"name":"wp","href":"https:\/\/api.w.org\/{rel}","templated":true}]}}