{"id":199770,"date":"2017-06-20T18:56:27","date_gmt":"2017-06-20T21:56:27","guid":{"rendered":"https:\/\/jundiai.sp.gov.br\/noticias\/?p=199770"},"modified":"2017-06-22T12:37:10","modified_gmt":"2017-06-22T15:37:10","slug":"hospital-sao-vicente-aumenta-cirurgias-em-33","status":"publish","type":"post","link":"https:\/\/jundiai.sp.gov.br\/noticias\/2017\/06\/20\/hospital-sao-vicente-aumenta-cirurgias-em-33\/","title":{"rendered":"Hospital S\u00e3o Vicente aumenta cirurgias em 33%"},"content":{"rendered":"<p><strong>Como um dos resultados das a\u00e7\u00f5es colocadas em pr\u00e1tica pelo Gabinete de Gest\u00e3o de Crise do Hospital de Caridade S\u00e3o Vicente de Paulo, institu\u00eddo em 6 janeiro de 2017, est\u00e1 o aumento em 33% no n\u00famero de procedimentos cir\u00fargicos realizados em maio deste ano, ante o volume de cirurgias do final do ano passado (novembro e dezembro).<\/strong><\/p>\n<p><strong>LEIA TAMB\u00c9M<\/strong><br \/>\n<a href=\"https:\/\/jundiai.sp.gov.br\/noticias\/2017\/06\/19\/prefeito-se-manifesta-a-favor-do-credenciamento-do-grendacc\/\">Prefeito se manifesta a favor do credenciamento do Grendacc<\/a><\/p>\n<p>De acordo com o setor t\u00e9cnico do Hospital S\u00e3o Vicente, somente em maio, foram 583 procedimentos cir\u00fargicos. \u201cSabemos que ainda temos muito para fazer, mas esse aumento evidencia um importante avan\u00e7o. Hoje atuamos com 90% da capacidade do centro cir\u00fargico\u201d, disse o m\u00e9dico Izandro Regis Brito Santos, diretor t\u00e9cnico do Hospital.<\/p>\n<p>Ainda segundo o diretor t\u00e9cnico, o aumento dos procedimentos foi poss\u00edvel por meio de a\u00e7\u00f5es internas executadas pelo Hospital. Entre elas, a gest\u00e3o do centro cir\u00fargico que otimizou o tempo de limpeza das salas entre uma cirurgia e outra, o controle dos hor\u00e1rios de in\u00edcio das cirurgias, evitando atrasos e a gest\u00e3o dos leitos de retaguarda \u2013 RPA, leitos de interna\u00e7\u00e3o e UTI\/UPO Unidade Intensiva P\u00f3s-Operat\u00f3rio.<\/p>\n<p><em><strong>Assessoria de Imprensa \u2013 Hospital S\u00e3o Vicente<\/strong><\/em><\/p>\n","protected":false},"excerpt":{"rendered":"<p>Somente em maio, 583 procedimentos foram realizados e s\u00e3o resultados das a\u00e7\u00f5es do Gabinete de Gest\u00e3o de Crise do Hospital<\/p>\n","protected":false},"author":30,"featured_media":199772,"comment_status":"closed","ping_status":"closed","sticky":false,"template":"","format":"standard","meta":{"footnotes":""},"categories":[2],"tags":[321,981],"ods":[],"class_list":["post-199770","post","type-post","status-publish","format-standard","has-post-thumbnail","hentry","category-noticias","tag-hospital-de-caridade-sao-vicente-de-paulo","tag-promocao-da-saude"],"_links":{"self":[{"href":"https:\/\/jundiai.sp.gov.br\/noticias\/wp-json\/wp\/v2\/posts\/199770","targetHints":{"allow":["GET"]}}],"collection":[{"href":"https:\/\/jundiai.sp.gov.br\/noticias\/wp-json\/wp\/v2\/posts"}],"about":[{"href":"https:\/\/jundiai.sp.gov.br\/noticias\/wp-json\/wp\/v2\/types\/post"}],"author":[{"embeddable":true,"href":"https:\/\/jundiai.sp.gov.br\/noticias\/wp-json\/wp\/v2\/users\/30"}],"replies":[{"embeddable":true,"href":"https:\/\/jundiai.sp.gov.br\/noticias\/wp-json\/wp\/v2\/comments?post=199770"}],"version-history":[{"count":4,"href":"https:\/\/jundiai.sp.gov.br\/noticias\/wp-json\/wp\/v2\/posts\/199770\/revisions"}],"predecessor-version":[{"id":199805,"href":"https:\/\/jundiai.sp.gov.br\/noticias\/wp-json\/wp\/v2\/posts\/199770\/revisions\/199805"}],"wp:featuredmedia":[{"embeddable":true,"href":"https:\/\/jundiai.sp.gov.br\/noticias\/wp-json\/wp\/v2\/media\/199772"}],"wp:attachment":[{"href":"https:\/\/jundiai.sp.gov.br\/noticias\/wp-json\/wp\/v2\/media?parent=199770"}],"wp:term":[{"taxonomy":"category","embeddable":true,"href":"https:\/\/jundiai.sp.gov.br\/noticias\/wp-json\/wp\/v2\/categories?post=199770"},{"taxonomy":"post_tag","embeddable":true,"href":"https:\/\/jundiai.sp.gov.br\/noticias\/wp-json\/wp\/v2\/tags?post=199770"},{"taxonomy":"ods","embeddable":true,"href":"https:\/\/jundiai.sp.gov.br\/noticias\/wp-json\/wp\/v2\/ods?post=199770"}],"curies":[{"name":"wp","href":"https:\/\/api.w.org\/{rel}","templated":true}]}}