{"id":199836,"date":"2017-06-21T17:31:33","date_gmt":"2017-06-21T20:31:33","guid":{"rendered":"https:\/\/jundiai.sp.gov.br\/noticias\/?p=199836"},"modified":"2017-06-23T12:18:23","modified_gmt":"2017-06-23T15:18:23","slug":"assistencia-social-contribui-para-a-elaboracao-do-ppa","status":"publish","type":"post","link":"https:\/\/jundiai.sp.gov.br\/noticias\/2017\/06\/21\/assistencia-social-contribui-para-a-elaboracao-do-ppa\/","title":{"rendered":"Assist\u00eancia social contribui para a elabora\u00e7\u00e3o do PPA"},"content":{"rendered":"<p><strong>Profissionais da Unidade de Assist\u00eancia e Desenvolvimento Social (UGADS) estiveram nesta quarta-feira (21) da etapa de investiga\u00e7\u00e3o ativa voltada para a elabora\u00e7\u00e3o do Plano Plurianual (PPA) do munic\u00edpio, em uma oficina realizada pela Coordenadoria Executiva de Governo da Unidade de Gest\u00e3o de Administra\u00e7\u00e3o e Gest\u00e3o de Pessoas (UGAGP). O encontro ocorreu no Centro de Refer\u00eancia do Idoso (Criju).<\/strong><\/p>\n<p>O PPA \u00e9 um instrumento previsto pela Constitui\u00e7\u00e3o Federal que visa organizar e viabilizar a a\u00e7\u00e3o p\u00fablica, com vistas a cumprir os fundamentos e os objetivos da Rep\u00fablica. Por meio dele, \u00e9 declarado o conjunto das pol\u00edticas p\u00fablicas do governo para um per\u00edodo de quatro anos (no caso, de 2018 a 2021) e os caminhos trilhados para viabilizar as metas previstas.<\/p>\n<p><strong>LEIA TAMB\u00c9M<\/strong><br \/>\n<a href=\"https:\/\/jundiai.sp.gov.br\/noticias\/2017\/06\/12\/revisao-de-contratos-gera-economia-de-r-12-milhoes-para-prefeitura\/\">Revis\u00e3o de contratos gera economia de R$ 12 milh\u00f5es para Prefeitura<\/a><br \/>\n<a href=\"https:\/\/jundiai.sp.gov.br\/noticias\/2017\/06\/19\/jundiai-fica-em-4o-lugar-na-primeira-fase-do-municipio-verde-e-azul\/\">Jundia\u00ed fica em 4\u00ba lugar na primeira fase do Munic\u00edpio Verde e Azul<\/a><\/p>\n<p><div id=\"attachment_199840\" style=\"width: 410px\" class=\"wp-caption alignleft\"><a href=\"https:\/\/jundiai.sp.gov.br\/noticias\/wp-content\/uploads\/sites\/32\/2017\/06\/Oficina_PPA_UGADS-72.jpg\"><img loading=\"lazy\" decoding=\"async\" aria-describedby=\"caption-attachment-199840\" src=\"https:\/\/jundiai.sp.gov.br\/noticias\/wp-content\/uploads\/sites\/32\/2017\/06\/Oficina_PPA_UGADS-72-1160x821.jpg\" alt=\"\" width=\"400\" height=\"350\" class=\"size-large wp-image-199840\" \/><\/a><p id=\"caption-attachment-199840\" class=\"wp-caption-text\">Solange, Roberto e Jones: o PPA como instrumento de planejamento dos programas e a\u00e7\u00f5es para os pr\u00f3ximos quatro anos<br \/><\/p><\/div>A oficina, por meio de uma busca ativa, sonda junto ao grupo focal seu desenho de planejamento que contribuir\u00e1 para o plano como um todo, a ser encaminhado \u00e0 respectiva Unidade de Gest\u00e3o. A pr\u00f3xima etapa \u00e9 o encaminhamento ao prefeito, que deve, at\u00e9 o fim de agosto, elaborar junto \u00e0s Plataformas o documento final e submet\u00ea-lo ao Legislativo.<\/p>\n<p>\u201cO trabalho intersetorial por plataformas vem ao encontro da verifica\u00e7\u00e3o sobre um planejamento pr\u00e9vio. Quando escutamos o que os setores t\u00eam a dizer, checamos se estamos no caminho certo\u201d, aponta a diretora de Planejamento, Gest\u00e3o e Finan\u00e7as da UGADS, Solange Leonardi. \u201cE no que diz respeito \u00e0 UGADS, a partir do PPA, teremos decidido o montante de recursos e o planejamento de programas e a\u00e7\u00f5es de assist\u00eancia social para a cidade\u201d.<\/p>\n<p>O coordenador executivo de Governo, Roberto Ara\u00fajo, explica que j\u00e1 foram realizadas oficinas com os grupos focais dos usu\u00e1rios do transporte coletivo, lideran\u00e7as comunit\u00e1rias, servidores estatut\u00e1rios, gestores e usu\u00e1rios de Sa\u00fade, al\u00e9m de profissionais da \u00e1rea de seguran\u00e7a p\u00fablica. \u201cEm cada encontro, propomos rodadas de discuss\u00f5es. Primeiro lan\u00e7amos luz sobre quais os requerimentos para a constru\u00e7\u00e3o do plano. Em seguida, os participantes descobrem como podem participar de sua constru\u00e7\u00e3o e elencam seus sonhos para o futuro da cidade. Na sequ\u00eancia, convidamos todos a planejar Jundia\u00ed, discutindo em grupos qual perfil gostariam para o munic\u00edpio\u201d, explicou<\/p>\n<p>Ao final do processo, mais de 400 pessoas ter\u00e3o sido ouvidas, contribuindo ainda para a Lei de Diretrizes Or\u00e7ament\u00e1rias (LDO) e para a Lei Or\u00e7ament\u00e1ria Anual.<br \/>\n<strong><br \/>\n<em>Assessoria de Imprensa<br \/>\nFotos: Fot\u00f3grafos PMJ<\/strong><\/em><\/p>\n","protected":false},"excerpt":{"rendered":"<p>O Plano Plurianual (PPA) \u00e9 um instrumento de planejamento dos programas e a\u00e7\u00f5es para os pr\u00f3ximos quatro anos<\/p>\n","protected":false},"author":30,"featured_media":199842,"comment_status":"closed","ping_status":"closed","sticky":false,"template":"","format":"standard","meta":{"footnotes":""},"categories":[2],"tags":[969,980,53,1024],"ods":[],"class_list":["post-199836","post","type-post","status-publish","format-standard","has-post-thumbnail","hentry","category-noticias","tag-administracao-e-gestao-de-pessoas","tag-assistencia-e-desenvolvimento-social","tag-centro-de-referencia-do-idoso-criju","tag-plano-plurianual"],"_links":{"self":[{"href":"https:\/\/jundiai.sp.gov.br\/noticias\/wp-json\/wp\/v2\/posts\/199836","targetHints":{"allow":["GET"]}}],"collection":[{"href":"https:\/\/jundiai.sp.gov.br\/noticias\/wp-json\/wp\/v2\/posts"}],"about":[{"href":"https:\/\/jundiai.sp.gov.br\/noticias\/wp-json\/wp\/v2\/types\/post"}],"author":[{"embeddable":true,"href":"https:\/\/jundiai.sp.gov.br\/noticias\/wp-json\/wp\/v2\/users\/30"}],"replies":[{"embeddable":true,"href":"https:\/\/jundiai.sp.gov.br\/noticias\/wp-json\/wp\/v2\/comments?post=199836"}],"version-history":[{"count":7,"href":"https:\/\/jundiai.sp.gov.br\/noticias\/wp-json\/wp\/v2\/posts\/199836\/revisions"}],"predecessor-version":[{"id":199846,"href":"https:\/\/jundiai.sp.gov.br\/noticias\/wp-json\/wp\/v2\/posts\/199836\/revisions\/199846"}],"wp:featuredmedia":[{"embeddable":true,"href":"https:\/\/jundiai.sp.gov.br\/noticias\/wp-json\/wp\/v2\/media\/199842"}],"wp:attachment":[{"href":"https:\/\/jundiai.sp.gov.br\/noticias\/wp-json\/wp\/v2\/media?parent=199836"}],"wp:term":[{"taxonomy":"category","embeddable":true,"href":"https:\/\/jundiai.sp.gov.br\/noticias\/wp-json\/wp\/v2\/categories?post=199836"},{"taxonomy":"post_tag","embeddable":true,"href":"https:\/\/jundiai.sp.gov.br\/noticias\/wp-json\/wp\/v2\/tags?post=199836"},{"taxonomy":"ods","embeddable":true,"href":"https:\/\/jundiai.sp.gov.br\/noticias\/wp-json\/wp\/v2\/ods?post=199836"}],"curies":[{"name":"wp","href":"https:\/\/api.w.org\/{rel}","templated":true}]}}