{"id":199974,"date":"2017-06-23T12:53:09","date_gmt":"2017-06-23T15:53:09","guid":{"rendered":"https:\/\/jundiai.sp.gov.br\/noticias\/?p=199974"},"modified":"2017-06-23T12:53:09","modified_gmt":"2017-06-23T15:53:09","slug":"centro-pop-recebe-doacao-de-750-pecas-de-roupas","status":"publish","type":"post","link":"https:\/\/jundiai.sp.gov.br\/noticias\/2017\/06\/23\/centro-pop-recebe-doacao-de-750-pecas-de-roupas\/","title":{"rendered":"Centro Pop recebe doa\u00e7\u00e3o de 750 pe\u00e7as de roupas"},"content":{"rendered":"<p><div id=\"attachment_199976\" style=\"width: 410px\" class=\"wp-caption alignleft\"><a href=\"https:\/\/jundiai.sp.gov.br\/noticias\/wp-content\/uploads\/sites\/32\/2017\/06\/doacoes_centro_pop-81.jpg\"><img loading=\"lazy\" decoding=\"async\" aria-describedby=\"caption-attachment-199976\" src=\"https:\/\/jundiai.sp.gov.br\/noticias\/wp-content\/uploads\/sites\/32\/2017\/06\/doacoes_centro_pop-81-1160x754.jpg\" alt=\"\" width=\"400\" height=\"350\" class=\"size-large wp-image-199976\" \/><\/a><p id=\"caption-attachment-199976\" class=\"wp-caption-text\">Comit\u00ea de responsabilidade social da empresa realiza reuni\u00f5es semanais para elaborar a\u00e7\u00f5es solid\u00e1rias<br \/><\/p><\/div><strong>O Comit\u00ea de Responsabilidade Social da Procter &#038; Gamble, unidade de Louveira, realizou a entrega das doa\u00e7\u00f5es de mais de 750 pe\u00e7as para o Centro Pop, equipamento da Unidade de Gest\u00e3o de Assist\u00eancia e Desenvolvimento Social (UGADS) de refer\u00eancia especializada para popula\u00e7\u00e3o em situa\u00e7\u00e3o de rua. Entre os itens constam roupas em geral, sapatos e cobertores, arrecadados pelos funcion\u00e1rios da empresa sensibilizados com a chegada do inverno.<\/strong><\/p>\n<p>\u201cN\u00e3o imagin\u00e1vamos chegar a tanto. Nossa campanha come\u00e7ou de maneira t\u00edmida, mas tomou grandes propor\u00e7\u00f5es\u201d, apontam os funcion\u00e1rios durante a entrega. \u201cRealizamos eventos junto a institui\u00e7\u00f5es, como festas de Natal e de volta \u00e0s aulas para as crian\u00e7as. Quando pensamos na chegada do inverno, nos lembramos imediatamente do Centro Pop, pois a popula\u00e7\u00e3o em situa\u00e7\u00e3o de rua \u00e9 sempre a que mais sofre com o frio.\u201d<\/p>\n<p><strong>LEIA TAMB\u00c9M<\/strong><br \/>\n<a href=\"https:\/\/jundiai.sp.gov.br\/noticias\/2017\/06\/20\/populacao-de-rua-recebe-orientacoes-sobre-animais-de-estimacao\/\">Popula\u00e7\u00e3o de rua recebe orienta\u00e7\u00f5es sobre animais de estima\u00e7\u00e3o<\/a><\/p>\n<p>O coordenador do Centro Pop, Antonio S\u00e9rgio Pereira, agradeceu a iniciativa. \u201cNosso trabalho de pol\u00edtica p\u00fablica \u00e9 pelo resgate da cidadania dos frequentadores. \u00c9 muito louv\u00e1vel conseguir unir a isso a sensibiliza\u00e7\u00e3o da iniciativa privada\u201d, comemorou o coordenador.<\/p>\n<p><strong>Trabalho<\/strong><br \/>\nO Centro Pop fica na rua Marechal Deodoro, 504, e oferece diariamente \u00e0 popula\u00e7\u00e3o em situa\u00e7\u00e3o de rua servi\u00e7os como distribui\u00e7\u00e3o de caf\u00e9 da manh\u00e3, lanches e sopa pelo programa de Suplementa\u00e7\u00e3o Alimentar em parceria com a Funda\u00e7\u00e3o Municipal de A\u00e7\u00e3o Social (Fumas), lavagem de roupa, corte de cabelo, banho, distribui\u00e7\u00e3o de roupas e cal\u00e7ados, elabora\u00e7\u00e3o de curr\u00edculo, al\u00e9m do encaminhamento \u00e0s fam\u00edlias e institui\u00e7\u00f5es de acolhimento.<\/p>\n<p>No espa\u00e7o s\u00e3o tamb\u00e9m realizadas oficinas, como as palestras de tem\u00e1ticas de sa\u00fade, montagem de m\u00f3veis a partir de pallets, conserto de materiais inserv\u00edveis, teatro, cinema e capoeira, al\u00e9m de artesanato e confec\u00e7\u00e3o de cadernetas, espelhos e croch\u00ea, de onde saem os itens vendidos em bazar da UGADS e cuja renda \u00e9 entregue para os pr\u00f3prios artes\u00e3os.<\/p>\n<p>\u201cAs pessoas quando aqui chegam passam por uma triagem e buscamos atender \u00e0s suas demandas. Este espa\u00e7o \u00e9 deles, onde podem passar o tempo, cuidar da higiene, limpeza e do armazenamento de seus pertences. Dispomos tamb\u00e9m de um computador para uso livre, uma forma de incentivar o contato com a fam\u00edlia e os amigos e a busca por oportunidades\u201d, indica o coordenador S\u00e9rgio.<\/p>\n<p><em><strong>Assessoria de Imprensa<br \/>\nFoto: Fot\u00f3grafos PMJ<\/strong><\/em><\/p>\n","protected":false},"excerpt":{"rendered":"<p>O Comit\u00ea de Responsabilidade Social da Procter &#038; Gamble, unidade de Louveira, realizou a entrega das doa\u00e7\u00f5es de mais de 750 pe\u00e7as para o Centro Pop, equipamento da Unidade de Gest\u00e3o de Assist\u00eancia e Desenvolvimento Social (UGADS) de refer\u00eancia especializada para popula\u00e7\u00e3o em situa\u00e7\u00e3o de rua. Entre os itens constam roupas em geral, sapatos e [&hellip;]<\/p>\n","protected":false},"author":30,"featured_media":0,"comment_status":"closed","ping_status":"closed","sticky":false,"template":"","format":"standard","meta":{"footnotes":""},"categories":[2],"tags":[980,74,49],"ods":[],"class_list":["post-199974","post","type-post","status-publish","format-standard","hentry","category-noticias","tag-assistencia-e-desenvolvimento-social","tag-centro-pop","tag-fundacao-municipal-de-acao-social-fumas"],"_links":{"self":[{"href":"https:\/\/jundiai.sp.gov.br\/noticias\/wp-json\/wp\/v2\/posts\/199974","targetHints":{"allow":["GET"]}}],"collection":[{"href":"https:\/\/jundiai.sp.gov.br\/noticias\/wp-json\/wp\/v2\/posts"}],"about":[{"href":"https:\/\/jundiai.sp.gov.br\/noticias\/wp-json\/wp\/v2\/types\/post"}],"author":[{"embeddable":true,"href":"https:\/\/jundiai.sp.gov.br\/noticias\/wp-json\/wp\/v2\/users\/30"}],"replies":[{"embeddable":true,"href":"https:\/\/jundiai.sp.gov.br\/noticias\/wp-json\/wp\/v2\/comments?post=199974"}],"version-history":[{"count":4,"href":"https:\/\/jundiai.sp.gov.br\/noticias\/wp-json\/wp\/v2\/posts\/199974\/revisions"}],"predecessor-version":[{"id":199979,"href":"https:\/\/jundiai.sp.gov.br\/noticias\/wp-json\/wp\/v2\/posts\/199974\/revisions\/199979"}],"wp:attachment":[{"href":"https:\/\/jundiai.sp.gov.br\/noticias\/wp-json\/wp\/v2\/media?parent=199974"}],"wp:term":[{"taxonomy":"category","embeddable":true,"href":"https:\/\/jundiai.sp.gov.br\/noticias\/wp-json\/wp\/v2\/categories?post=199974"},{"taxonomy":"post_tag","embeddable":true,"href":"https:\/\/jundiai.sp.gov.br\/noticias\/wp-json\/wp\/v2\/tags?post=199974"},{"taxonomy":"ods","embeddable":true,"href":"https:\/\/jundiai.sp.gov.br\/noticias\/wp-json\/wp\/v2\/ods?post=199974"}],"curies":[{"name":"wp","href":"https:\/\/api.w.org\/{rel}","templated":true}]}}