{"id":199980,"date":"2017-06-23T12:57:56","date_gmt":"2017-06-23T15:57:56","guid":{"rendered":"https:\/\/jundiai.sp.gov.br\/noticias\/?p=199980"},"modified":"2017-06-23T12:57:56","modified_gmt":"2017-06-23T15:57:56","slug":"hu-inicia-implantacao-de-novo-software-de-gestao-integrada-em-saude","status":"publish","type":"post","link":"https:\/\/jundiai.sp.gov.br\/noticias\/2017\/06\/23\/hu-inicia-implantacao-de-novo-software-de-gestao-integrada-em-saude\/","title":{"rendered":"HU inicia implanta\u00e7\u00e3o de novo software de gest\u00e3o integrada em sa\u00fade"},"content":{"rendered":"<p><div id=\"attachment_199982\" style=\"width: 410px\" class=\"wp-caption alignleft\"><a href=\"https:\/\/jundiai.sp.gov.br\/noticias\/wp-content\/uploads\/sites\/32\/2017\/06\/Diretores-da-Funda\u00e7\u00e3o-Dr.-Jayme-Rodrigues-Fl\u00e1vio-da-Silva-e-Erenaldo-Barbosa-assinaram-nesta-quinta-feira-contrato-que-dar\u00e1-in\u00edcio-\u00e0-implanta\u00e7\u00e3o-do-sistema.jpg\"><img loading=\"lazy\" decoding=\"async\" aria-describedby=\"caption-attachment-199982\" src=\"https:\/\/jundiai.sp.gov.br\/noticias\/wp-content\/uploads\/sites\/32\/2017\/06\/Diretores-da-Funda\u00e7\u00e3o-Dr.-Jayme-Rodrigues-Fl\u00e1vio-da-Silva-e-Erenaldo-Barbosa-assinaram-nesta-quinta-feira-contrato-que-dar\u00e1-in\u00edcio-\u00e0-implanta\u00e7\u00e3o-do-sistema-1160x870.jpg\" alt=\"\" width=\"400\" height=\"350\" class=\"size-large wp-image-199982\" \/><\/a><p id=\"caption-attachment-199982\" class=\"wp-caption-text\">Diretores da Funda\u00e7\u00e3o Dr. Jayme Rodrigues, Fl\u00e1vio da Silva e Erenaldo Barbosa, assinaram nesta sexta-feira (23) contrato que dar\u00e1 in\u00edcio \u00e0 implanta\u00e7\u00e3o do sistema<br \/><\/p><\/div><strong>O <a href=\"http:\/\/www.hufmj.com.br\/\" target=\"_blank\">Hospital Universit\u00e1rio de Jundia\u00ed (HU)<\/a> concretiza nesta sexta-feira (23) um importante passo para a melhoria cont\u00ednua na presta\u00e7\u00e3o de assist\u00eancia hospitalar \u00e0 popula\u00e7\u00e3o de Jundia\u00ed e regi\u00e3o. Por meio de um acordo de colabora\u00e7\u00e3o firmado entre a Funda\u00e7\u00e3o Dr. Jayme Rodrigues, uma das mantenedoras do HU, e a Funda\u00e7\u00e3o Salvador Arena, ser\u00e1 implantado um novo software. A ferramenta \u00e9 utilizada pelos mais renomados hospitais do Pa\u00eds e permite a gest\u00e3o integrada de processos internos, alta efici\u00eancia operacional, elevados \u00edndices de seguran\u00e7a do paciente, otimiza\u00e7\u00e3o de atendimentos e resultados, al\u00e9m de viabilizar o aperfei\u00e7oamento em pr\u00e1ticas administrativas.<\/strong><\/p>\n<p>De acordo com Fl\u00e1vio Jos\u00e9 da Silva, diretor executivo da Funda\u00e7\u00e3o, o sistema propiciar\u00e1 avan\u00e7os significativos para gerir o HU e impactar\u00e1 principalmente de forma positiva para os pacientes. \u201cAtualmente s\u00e3o realizados mais de 11 mil atendimentos por m\u00eas no HU, entre Pronto-Socorro Infantil, Pronto-Socorro Ginecol\u00f3gico e Obst\u00e9trico, partos e cirurgias eletivas. Com este sistema, teremos condi\u00e7\u00f5es de acompanhar detalhadamente e em tempo real todo o atendimento, check-up e processo de reabilita\u00e7\u00e3o de cada paciente atendido. Garantir\u00e1 maior seguran\u00e7a, confian\u00e7a e precis\u00e3o no diagn\u00f3stico. Registrar\u00e1 o hist\u00f3rico do paciente, permitindo a busca por terapias mais eficazes para cada caso\u201d, relata. \u201c\u00c9 a tecnologia auxiliando de forma brilhante no atendimento humanizado\u201d, acrescenta.<\/p>\n<p><strong>LEIA TAMB\u00c9M<\/strong><br \/>\n<a href=\"https:\/\/jundiai.sp.gov.br\/noticias\/2017\/05\/31\/grupo-de-voluntarios-do-hu-recebe-novos-integrantes\/\">Grupo de volunt\u00e1rios do HU recebe novos integrantes<\/a><br \/>\n<a href=\"https:\/\/jundiai.sp.gov.br\/noticias\/2017\/06\/23\/conferencia-municipal-de-saude-esta-com-inscricoes-abertas\/\">Confer\u00eancia Municipal de Sa\u00fade est\u00e1 com inscri\u00e7\u00f5es abertas<\/a><\/p>\n<p>O sistema ser\u00e1 abastecido de informa\u00e7\u00f5es em tempo real por toda a equipe do hospital, seja via computador ou por dispositivos m\u00f3veis, como tablets e smartphones. Na recep\u00e7\u00e3o do hospital ser\u00e3o inseridos os dados iniciais e b\u00e1sicos para atendimento. Na medida em que o paciente passar pela triagem, avalia\u00e7\u00e3o m\u00e9dica, receber indica\u00e7\u00e3o medicamentosa, interna\u00e7\u00e3o, exames e resultados, orienta\u00e7\u00f5es espec\u00edficas e tudo mais, o sistema ser\u00e1 abastecido pelos profissionais. Tudo isso far\u00e1 parte do prontu\u00e1rio eletr\u00f4nico do paciente, contendo seu hist\u00f3rico.<\/p>\n<p>Para o diretor administrativo e financeiro da Funda\u00e7\u00e3o Jayme Rodrigues, Erenaldo Barbosa de Souza e Silva, o sistema ter\u00e1 papel fundamental no desenvolvimento geral do HU. \u201cAl\u00e9m de englobar toda atividade assistencial cl\u00ednica, ser\u00e1 primordial para o gerenciamento, desburocratiza\u00e7\u00e3o, padroniza\u00e7\u00e3o, gest\u00e3o financeira e tantos outros aspectos relevantes para a boa sa\u00fade de um hospital\u201d, destaca. \u201c\u00c9 muito abrangente, permitir\u00e1 acompanhamento full time de taxa de ocupa\u00e7\u00e3o hospitalar, custos di\u00e1rios operacionais, comparativos. Enfim, permitir\u00e1 a tomada de decis\u00f5es mais assertivas e estrat\u00e9gicas. Estamos bastante otimistas e com grandes expectativas em rela\u00e7\u00e3o ao projeto\u201d, afirma.<\/p>\n<p>Para o superintendente do HU, Itibagi Rocha Machado, o novo software re\u00fane todos os quesitos para elevar a excel\u00eancia do atendimento prestado pelo hospital. \u201cO projeto significa o in\u00edcio de uma nova fase para o HU, vai contribuir muito para a qualidade de nossa assist\u00eancia. O come\u00e7o exigir\u00e1 grande engajamento de todos os profissionais, apoio t\u00e9cnico e adequa\u00e7\u00f5es, mas acredito que ser\u00e1 um sucesso\u201d, definiu.<\/p>\n<p><em><strong>Assessoria de Imprensa \u2013 Hospital Universit\u00e1rio<\/strong><\/em><\/p>\n","protected":false},"excerpt":{"rendered":"<p>O Hospital Universit\u00e1rio de Jundia\u00ed (HU) concretiza nesta sexta-feira (23) um importante passo para a melhoria cont\u00ednua na presta\u00e7\u00e3o de assist\u00eancia hospitalar \u00e0 popula\u00e7\u00e3o de Jundia\u00ed e regi\u00e3o. Por meio de um acordo de colabora\u00e7\u00e3o firmado entre a Funda\u00e7\u00e3o Dr. Jayme Rodrigues, uma das mantenedoras do HU, e a Funda\u00e7\u00e3o Salvador Arena, ser\u00e1 implantado um [&hellip;]<\/p>\n","protected":false},"author":30,"featured_media":0,"comment_status":"closed","ping_status":"closed","sticky":false,"template":"","format":"standard","meta":{"footnotes":""},"categories":[2],"tags":[52,981],"ods":[],"class_list":["post-199980","post","type-post","status-publish","format-standard","hentry","category-noticias","tag-hospital-universitario-hu","tag-promocao-da-saude"],"_links":{"self":[{"href":"https:\/\/jundiai.sp.gov.br\/noticias\/wp-json\/wp\/v2\/posts\/199980","targetHints":{"allow":["GET"]}}],"collection":[{"href":"https:\/\/jundiai.sp.gov.br\/noticias\/wp-json\/wp\/v2\/posts"}],"about":[{"href":"https:\/\/jundiai.sp.gov.br\/noticias\/wp-json\/wp\/v2\/types\/post"}],"author":[{"embeddable":true,"href":"https:\/\/jundiai.sp.gov.br\/noticias\/wp-json\/wp\/v2\/users\/30"}],"replies":[{"embeddable":true,"href":"https:\/\/jundiai.sp.gov.br\/noticias\/wp-json\/wp\/v2\/comments?post=199980"}],"version-history":[{"count":5,"href":"https:\/\/jundiai.sp.gov.br\/noticias\/wp-json\/wp\/v2\/posts\/199980\/revisions"}],"predecessor-version":[{"id":199986,"href":"https:\/\/jundiai.sp.gov.br\/noticias\/wp-json\/wp\/v2\/posts\/199980\/revisions\/199986"}],"wp:attachment":[{"href":"https:\/\/jundiai.sp.gov.br\/noticias\/wp-json\/wp\/v2\/media?parent=199980"}],"wp:term":[{"taxonomy":"category","embeddable":true,"href":"https:\/\/jundiai.sp.gov.br\/noticias\/wp-json\/wp\/v2\/categories?post=199980"},{"taxonomy":"post_tag","embeddable":true,"href":"https:\/\/jundiai.sp.gov.br\/noticias\/wp-json\/wp\/v2\/tags?post=199980"},{"taxonomy":"ods","embeddable":true,"href":"https:\/\/jundiai.sp.gov.br\/noticias\/wp-json\/wp\/v2\/ods?post=199980"}],"curies":[{"name":"wp","href":"https:\/\/api.w.org\/{rel}","templated":true}]}}