{"id":199987,"date":"2017-06-23T13:12:51","date_gmt":"2017-06-23T16:12:51","guid":{"rendered":"https:\/\/jundiai.sp.gov.br\/noticias\/?p=199987"},"modified":"2017-06-27T17:58:48","modified_gmt":"2017-06-27T20:58:48","slug":"unidade-de-promocao-da-saude-ressalta-a-importancia-da-vacinacao","status":"publish","type":"post","link":"https:\/\/jundiai.sp.gov.br\/noticias\/2017\/06\/23\/unidade-de-promocao-da-saude-ressalta-a-importancia-da-vacinacao\/","title":{"rendered":"Unidade de Promo\u00e7\u00e3o da Sa\u00fade ressalta a import\u00e2ncia da vacina\u00e7\u00e3o"},"content":{"rendered":"<p><strong>A carteira de vacina\u00e7\u00e3o do seu filho est\u00e1 em dia? Todos tomaram as doses de refor\u00e7o? E voc\u00ea acha que vacina \u00e9 coisa s\u00f3 de crian\u00e7a? Pois este recado \u00e9 para voc\u00ea que por esquecimento ou medo acaba deixando de se proteger de uma doen\u00e7a cuja preven\u00e7\u00e3o mais eficaz continua sendo a imuniza\u00e7\u00e3o.<\/strong><\/p>\n<p>A Unidade de Promo\u00e7\u00e3o da Sa\u00fade, por meio da Vigil\u00e2ncia Epidemiol\u00f3gica, ressalta que as vacinas auxiliam o sistema imunol\u00f3gico na forma\u00e7\u00e3o de anticorpos contra v\u00edrus e bact\u00e9rias. Assim, os riscos de adquirir uma doen\u00e7a e ter complica\u00e7\u00f5es s\u00e3o menores, preservando a sa\u00fade e o bem-estar. \u201cA vacina deve chegar antes da doen\u00e7a. Por isso, a imuniza\u00e7\u00e3o \u00e9 importante, pois o corpo cria anticorpos para defender o organismo e evitar que a pessoa adoe\u00e7a\u201d, explica a enfermeira Vigil\u00e2ncia Epidemiol\u00f3gica, Maria do Carmo Possidente.<\/p>\n<p><strong>LEIA TAMB\u00c9M<\/strong><br \/>\n<a href=\"https:\/\/jundiai.sp.gov.br\/noticias\/2017\/06\/21\/jundiai-amplia-publico-para-vacinacao-contra-hpv\/\">Jundia\u00ed amplia p\u00fablico para vacina\u00e7\u00e3o contra HPV<\/a><br \/>\n<a href=\"https:\/\/jundiai.sp.gov.br\/noticias\/2017\/06\/21\/samu-ganha-reforco-de-mais-duas-ambulancias\/\">SAMU ganha refor\u00e7o de mais duas ambul\u00e2ncias<\/a><br \/>\n<a href=\"https:\/\/jundiai.sp.gov.br\/noticias\/2017\/06\/23\/conferencia-municipal-de-saude-esta-com-inscricoes-abertas\/\">Confer\u00eancia Municipal de Sa\u00fade est\u00e1 com inscri\u00e7\u00f5es abertas<\/a><\/p>\n<p>Entre os grupos de vacina\u00e7\u00e3o, os adultos s\u00e3o os considerados mais displicentes. O Minist\u00e9rio da Sa\u00fade estima que metade dos adultos abandone a carteira de vacina\u00e7\u00e3o ou nunca tiveram este registro. \u201cEsta necessidade se faz presente apenas quando o cidad\u00e3o vai viajar ou ao fazer um exame admissional \u00e0 empresa exige este requisito\u201d, aponta.<\/p>\n<p>No caso das crian\u00e7as, a maior preocupa\u00e7\u00e3o da Vigil\u00e2ncia Epidemiol\u00f3gica, diz respeito \u00e0 falta da segunda dose da vacina. \u201cA cobertura fica incompleta. Da\u00ed a import\u00e2ncia de manter a carteira de vacina\u00e7\u00e3o em dia. Para estes pais vale lembrar que as campanhas de vacina\u00e7\u00e3o s\u00e3o excelentes oportunidades para atualizar esta imuniza\u00e7\u00e3o\u201d, conta.<\/p>\n<p>J\u00e1 os idosos continuam sendo o exemplo de todos os grupos. Mant\u00e9m em dia as doses da Dupla Viral, Gripe e Hepatite. \u201cProcuram as Unidades B\u00e1sicas de Sa\u00fade (UBSs) e dificilmente deixam algum prazo vencer\u201d, comemora.<\/p>\n<p>Para voc\u00ea que se convenceu da import\u00e2ncia da imuniza\u00e7\u00e3o e pretende colocar em dia sua carteira de vacina\u00e7\u00e3o, as doses est\u00e3o dispon\u00edveis, gratuitamente, em todas as UBSs, das 8h30 \u00e0s 17h. <\/p>\n<p><strong>Confira o calend\u00e1rio de <a href=\"https:\/\/jundiai.sp.gov.br\/noticias\/wp-content\/uploads\/sites\/32\/2017\/06\/CALEND\u00c1RIO-DE-VACINAS-2017-crian\u00e7as.pdf\" target=\"_blank\">vacinas para crian\u00e7as<\/a> e <a href=\"https:\/\/jundiai.sp.gov.br\/noticias\/wp-content\/uploads\/sites\/32\/2017\/06\/CALEND\u00c1RIOS-DE-VACINA\u00c7\u00c3O-2017-adultos.pdf\" target=\"_blank\">para adultos<\/a>.<\/strong><\/p>\n<p><strong>Sa\u00fade p\u00fablica<\/strong><br \/>\nDe acordo com a Vigil\u00e2ncia Epidemiol\u00f3gica, a vacina \u00e9 uma ferramenta de sa\u00fade p\u00fablica, pois n\u00e3o apenas protege a pessoa imunizada, mas reduz a chance de exposi\u00e7\u00e3o a uma doen\u00e7a da popula\u00e7\u00e3o a seu redor. \u201cQuanto mais pessoas deixarem de tomar vacina, menor \u00e9 a prote\u00e7\u00e3o coletiva, aumentando o risco porque teremos mais mun\u00edcipes vulner\u00e1veis e, portanto, mais rapidamente, a doen\u00e7a ser\u00e1 espalhada\u201d, lembra<\/p>\n<p>Maria do Carmo explica que s\u00e3o poucos os casos em que n\u00e3o \u00e9 recomend\u00e1vel tomar vacina, como quem tem doen\u00e7as autoimunes ou doen\u00e7as graves, cujos pacientes precisam consultar o m\u00e9dico para saber se pode tomar vacina, al\u00e9m de pessoas al\u00e9rgicas a ovo, que n\u00e3o podem tomar algumas vacinas de v\u00edrus atenuado.<\/p>\n<p>A febre amarela \u00e9 o maior exemplo de que a vacina evita um surto ou at\u00e9 mesmo mantem o munic\u00edpio imune \u00e0 doen\u00e7a.<\/p>\n<p>Para finalizar, a enfermeira lembra que mesmo para doen\u00e7as erradicadas no Brasil, vale a vacina\u00e7\u00e3o. \u201cO risco de a enfermidade entrar no pa\u00eds continua existindo e pode acontecer pelo turista que visita o Brasil ou de brasileiros que viajam para o exterior\u201d, alerta.<\/p>\n<p><em><strong>Assessoria de Imprensa<br \/>\nFoto: Fot\u00f3grafos PMJ<\/strong><\/em><\/p>\n","protected":false},"excerpt":{"rendered":"<p>O abandono da carteira de vacina\u00e7\u00e3o por parte dos adultos e a falta da segunda dose da vacina s\u00e3o as maiores preocupa\u00e7\u00f5es<\/p>\n","protected":false},"author":30,"featured_media":199991,"comment_status":"closed","ping_status":"closed","sticky":false,"template":"","format":"standard","meta":{"footnotes":""},"categories":[2],"tags":[981,665,317],"ods":[],"class_list":["post-199987","post","type-post","status-publish","format-standard","has-post-thumbnail","hentry","category-noticias","tag-promocao-da-saude","tag-unidade-basica-de-saude-ubs","tag-vigilancia-epidemiologica"],"_links":{"self":[{"href":"https:\/\/jundiai.sp.gov.br\/noticias\/wp-json\/wp\/v2\/posts\/199987","targetHints":{"allow":["GET"]}}],"collection":[{"href":"https:\/\/jundiai.sp.gov.br\/noticias\/wp-json\/wp\/v2\/posts"}],"about":[{"href":"https:\/\/jundiai.sp.gov.br\/noticias\/wp-json\/wp\/v2\/types\/post"}],"author":[{"embeddable":true,"href":"https:\/\/jundiai.sp.gov.br\/noticias\/wp-json\/wp\/v2\/users\/30"}],"replies":[{"embeddable":true,"href":"https:\/\/jundiai.sp.gov.br\/noticias\/wp-json\/wp\/v2\/comments?post=199987"}],"version-history":[{"count":5,"href":"https:\/\/jundiai.sp.gov.br\/noticias\/wp-json\/wp\/v2\/posts\/199987\/revisions"}],"predecessor-version":[{"id":199996,"href":"https:\/\/jundiai.sp.gov.br\/noticias\/wp-json\/wp\/v2\/posts\/199987\/revisions\/199996"}],"wp:featuredmedia":[{"embeddable":true,"href":"https:\/\/jundiai.sp.gov.br\/noticias\/wp-json\/wp\/v2\/media\/199991"}],"wp:attachment":[{"href":"https:\/\/jundiai.sp.gov.br\/noticias\/wp-json\/wp\/v2\/media?parent=199987"}],"wp:term":[{"taxonomy":"category","embeddable":true,"href":"https:\/\/jundiai.sp.gov.br\/noticias\/wp-json\/wp\/v2\/categories?post=199987"},{"taxonomy":"post_tag","embeddable":true,"href":"https:\/\/jundiai.sp.gov.br\/noticias\/wp-json\/wp\/v2\/tags?post=199987"},{"taxonomy":"ods","embeddable":true,"href":"https:\/\/jundiai.sp.gov.br\/noticias\/wp-json\/wp\/v2\/ods?post=199987"}],"curies":[{"name":"wp","href":"https:\/\/api.w.org\/{rel}","templated":true}]}}