{"id":200170,"date":"2017-06-27T17:48:38","date_gmt":"2017-06-27T20:48:38","guid":{"rendered":"https:\/\/jundiai.sp.gov.br\/noticias\/?p=200170"},"modified":"2017-06-27T17:48:38","modified_gmt":"2017-06-27T20:48:38","slug":"sao-vicente-recebe-doacao-de-kombi-da-prefeitura-de-jundiai","status":"publish","type":"post","link":"https:\/\/jundiai.sp.gov.br\/noticias\/2017\/06\/27\/sao-vicente-recebe-doacao-de-kombi-da-prefeitura-de-jundiai\/","title":{"rendered":"S\u00e3o Vicente recebe doa\u00e7\u00e3o de Kombi da Prefeitura de Jundia\u00ed"},"content":{"rendered":"<p><div id=\"attachment_200172\" style=\"width: 410px\" class=\"wp-caption alignleft\"><a href=\"https:\/\/jundiai.sp.gov.br\/noticias\/wp-content\/uploads\/sites\/32\/2017\/06\/20170620_145601_Pano23.jpg\"><img loading=\"lazy\" decoding=\"async\" aria-describedby=\"caption-attachment-200172\" src=\"https:\/\/jundiai.sp.gov.br\/noticias\/wp-content\/uploads\/sites\/32\/2017\/06\/20170620_145601_Pano23.jpg\" alt=\"\" width=\"400\" height=\"350\" class=\"size-full wp-image-200172\" \/><\/a><p id=\"caption-attachment-200172\" class=\"wp-caption-text\">Central de Servi\u00e7os e Interna\u00e7\u00e3o Domiciliar comemoram doa\u00e7\u00e3o<br \/><\/p><\/div><strong>O setor de Central de Servi\u00e7os do Hospital de Caridade S\u00e3o Vicente recebeu neste m\u00eas, a doa\u00e7\u00e3o de uma Kombi da Equipe da Secretaria de Sa\u00fade da Prefeitura de Jundia\u00ed. A condu\u00e7\u00e3o ir\u00e1 substituir o transporte usado pela Interna\u00e7\u00e3o Domiciliar.<\/strong><\/p>\n<p><strong>LEIA TAMB\u00c9M<\/strong><br \/>\n<a href=\"https:\/\/jundiai.sp.gov.br\/noticias\/2017\/06\/27\/jovens-do-caps-sao-selecionados-para-forum-de-saude-mental\/\">Jovens do Caps s\u00e3o selecionados para F\u00f3rum de Sa\u00fade Mental<\/a><\/p>\n<p>\u201cInicialmente levamos a necessidade para a diretoria, que prontamente nos atendeu e nos autorizou a fazer o pedido formal ao Secret\u00e1rio de Sa\u00fade. Eu e o colaborador Esmael Junior, marcamos ent\u00e3o, uma reuni\u00e3o na prefeitura, onde fomos muito bem atendidos e, ap\u00f3s conversa com o gestor Vagner Vilela, a doa\u00e7\u00e3o da Kombi foi realizada\u201d, explica o Chefe da Central de Servi\u00e7os, Reginaldo Aparecido de Lima.<\/p>\n<p>\u201cA doa\u00e7\u00e3o da Kombi para o S\u00e3o Vicente e especificamente para a Interna\u00e7\u00e3o Domiciliar foi muito bem recebida pela nossa equipe e viabilizar\u00e1 a realiza\u00e7\u00e3o de um maior n\u00famero de visitas pela equipe multidisciplinar para os pacientes do Programa de Assist\u00eancia Multidisciplinar de Interna\u00e7\u00e3o Domiciliar (PAMID). O ve\u00edculo est\u00e1 em \u00f3timo estado o que oferecer\u00e1 seguran\u00e7a para as equipes do programa\u201d, disse Lucas Polli, coordenador de Enfermagem da Interna\u00e7\u00e3o Domiciliar.<\/p>\n<p><em><strong>Assessoria de Imprensa \u2013 Hospital S\u00e3o Vicente<\/strong><\/em><\/p>\n","protected":false},"excerpt":{"rendered":"<p>O setor de Central de Servi\u00e7os do Hospital de Caridade S\u00e3o Vicente recebeu neste m\u00eas, a doa\u00e7\u00e3o de uma Kombi da Equipe da Secretaria de Sa\u00fade da Prefeitura de Jundia\u00ed. A condu\u00e7\u00e3o ir\u00e1 substituir o transporte usado pela Interna\u00e7\u00e3o Domiciliar. LEIA TAMB\u00c9M Jovens do Caps s\u00e3o selecionados para F\u00f3rum de Sa\u00fade Mental \u201cInicialmente levamos a [&hellip;]<\/p>\n","protected":false},"author":30,"featured_media":0,"comment_status":"closed","ping_status":"closed","sticky":false,"template":"","format":"standard","meta":{"footnotes":""},"categories":[2],"tags":[321,981],"ods":[],"class_list":["post-200170","post","type-post","status-publish","format-standard","hentry","category-noticias","tag-hospital-de-caridade-sao-vicente-de-paulo","tag-promocao-da-saude"],"_links":{"self":[{"href":"https:\/\/jundiai.sp.gov.br\/noticias\/wp-json\/wp\/v2\/posts\/200170","targetHints":{"allow":["GET"]}}],"collection":[{"href":"https:\/\/jundiai.sp.gov.br\/noticias\/wp-json\/wp\/v2\/posts"}],"about":[{"href":"https:\/\/jundiai.sp.gov.br\/noticias\/wp-json\/wp\/v2\/types\/post"}],"author":[{"embeddable":true,"href":"https:\/\/jundiai.sp.gov.br\/noticias\/wp-json\/wp\/v2\/users\/30"}],"replies":[{"embeddable":true,"href":"https:\/\/jundiai.sp.gov.br\/noticias\/wp-json\/wp\/v2\/comments?post=200170"}],"version-history":[{"count":4,"href":"https:\/\/jundiai.sp.gov.br\/noticias\/wp-json\/wp\/v2\/posts\/200170\/revisions"}],"predecessor-version":[{"id":200175,"href":"https:\/\/jundiai.sp.gov.br\/noticias\/wp-json\/wp\/v2\/posts\/200170\/revisions\/200175"}],"wp:attachment":[{"href":"https:\/\/jundiai.sp.gov.br\/noticias\/wp-json\/wp\/v2\/media?parent=200170"}],"wp:term":[{"taxonomy":"category","embeddable":true,"href":"https:\/\/jundiai.sp.gov.br\/noticias\/wp-json\/wp\/v2\/categories?post=200170"},{"taxonomy":"post_tag","embeddable":true,"href":"https:\/\/jundiai.sp.gov.br\/noticias\/wp-json\/wp\/v2\/tags?post=200170"},{"taxonomy":"ods","embeddable":true,"href":"https:\/\/jundiai.sp.gov.br\/noticias\/wp-json\/wp\/v2\/ods?post=200170"}],"curies":[{"name":"wp","href":"https:\/\/api.w.org\/{rel}","templated":true}]}}