{"id":200367,"date":"2017-06-29T14:59:14","date_gmt":"2017-06-29T17:59:14","guid":{"rendered":"https:\/\/jundiai.sp.gov.br\/noticias\/?p=200367"},"modified":"2017-07-04T18:24:51","modified_gmt":"2017-07-04T21:24:51","slug":"jundiai-sera-sede-do-3o-circuito-paulista-de-skate","status":"publish","type":"post","link":"https:\/\/jundiai.sp.gov.br\/noticias\/2017\/06\/29\/jundiai-sera-sede-do-3o-circuito-paulista-de-skate\/","title":{"rendered":"Jundia\u00ed ser\u00e1 sede do 2\u00ba Circuito Paulista de Skate"},"content":{"rendered":"<p><div id=\"attachment_200369\" style=\"width: 410px\" class=\"wp-caption alignleft\"><a href=\"https:\/\/jundiai.sp.gov.br\/noticias\/wp-content\/uploads\/sites\/32\/2017\/06\/sororoca-6.jpg\"><img loading=\"lazy\" decoding=\"async\" aria-describedby=\"caption-attachment-200369\" src=\"https:\/\/jundiai.sp.gov.br\/noticias\/wp-content\/uploads\/sites\/32\/2017\/06\/sororoca-6.jpg\" alt=\"\" width=\"400\" height=\"350\" class=\"size-full wp-image-200369\" \/><\/a><p id=\"caption-attachment-200369\" class=\"wp-caption-text\">Presidente da Federa\u00e7\u00e3o Paulista de Skate, Roberto Ma\u00e7aneiro, avaliou a pista do Sororoca<br \/><\/p><\/div><strong>A pista do Complexo Esportivo Jos\u00e9 Brenna (Sororoca) foi escolhida pela Federa\u00e7\u00e3o Paulista de Skate (FPS) para sediar o 2\u00ba Circuito Paulista de Skate, marcado para o dia 3 de setembro, das 8h \u00e0s 18h. O an\u00fancio foi feito pelo presidente da (FPS), Roberto Ma\u00e7aneiro, que nesta quinta-feira (29), esteve junto com o gestor de Esporte, Luiz Trientini, verificando as condi\u00e7\u00f5es das pistas do Sororoca.<\/strong><\/p>\n<p>\u201cSer\u00e3o necess\u00e1rios alguns reparos t\u00e9cnicos, mas esta estrutura apresenta a aprova\u00e7\u00e3o t\u00e9cnica para sediar a competi\u00e7\u00e3o. Al\u00e9m disso, sabemos que Jundia\u00ed \u00e9 uma cidade com muitos praticantes da modalidade, bem localizada que atrai esportistas de outros munic\u00edpios\u201d, destacou Roberto.<\/p>\n<p>Entre os skatistas, est\u00e1 Jo\u00e3o Vitor Ferreira. Morador de Francisco Morato, todos os dias ele vem para treinar na pista do Sororoca. \u201cMinha cidade n\u00e3o possui nenhuma estrutura para quem pratica esta modalidade e como estou come\u00e7ando a competir pelo amador, n\u00e3o me resta outra alternativa. Estou muito feliz que Jundia\u00ed vai sediar uma etapa do estadual porque sempre motiva a molecada a aderir ao skate\u201d, declara.<\/p>\n<p><strong>LEIA TAMB\u00c9M<\/strong><br \/>\n<a href=\"https:\/\/jundiai.sp.gov.br\/noticias\/2017\/06\/28\/jogos-da-juventude-atletismo-e-destaque-na-competicao\/\">Jogos da Juventude: atletismo \u00e9 destaque na competi\u00e7\u00e3o<\/a><br \/>\n<a href=\"https:\/\/jundiai.sp.gov.br\/noticias\/2017\/06\/28\/complexo-esportivo-recebe-festival-de-ginastica-ritmica\/\">Complexo Esportivo recebe Festival de Gin\u00e1stica R\u00edtmica<\/a><br \/>\n<a href=\"https:\/\/jundiai.sp.gov.br\/noticias\/2017\/06\/28\/peama-tentara-incluir-o-ciclismo-na-special-olympics\/\">Peama tentar\u00e1 incluir o ciclismo na Special Olympics<\/a><\/p>\n<p>Trientini ressalta que, ao sediar a competi\u00e7\u00e3o, a FPS est\u00e1 permitindo que a modalidade seja impulsionada. \u201cAcreditamos que eventos como estes deixam como grande legado o empoderamento que todos devem ter dos espa\u00e7os p\u00fablicos\u201d, ressalta.<\/p>\n<p>Para a realiza\u00e7\u00e3o do circuito, a Unidade de Gest\u00e3o de Esporte e Lazer (UGEL) dever\u00e1 fazer ajustes com rela\u00e7\u00e3o \u00e0s bordas de ferro, ao copping (bordas arredondadas), tapar alguns buracos e realizar a pintura. \u201cPara todos estes servi\u00e7os utilizaremos a m\u00e3o de obra e material que a prefeitura j\u00e1 disp\u00f5e. Claro que vamos contar com o apoio conjunto de outras unidades de gest\u00e3o, como a Cultura que vai responder pelo visual do espa\u00e7o com trabalhos de grafiteiros que dar\u00e3o um colorido art\u00edstico ao Sororoca\u201d, adianta.<\/p>\n<p><div id=\"attachment_200371\" style=\"width: 1290px\" class=\"wp-caption alignright\"><a href=\"https:\/\/jundiai.sp.gov.br\/noticias\/wp-content\/uploads\/sites\/32\/2017\/06\/sororoca-1.jpg\"><img loading=\"lazy\" decoding=\"async\" aria-describedby=\"caption-attachment-200371\" src=\"https:\/\/jundiai.sp.gov.br\/noticias\/wp-content\/uploads\/sites\/32\/2017\/06\/sororoca-1.jpg\" alt=\"\" width=\"1280\" height=\"853\" class=\"size-full wp-image-200371\" srcset=\"https:\/\/jundiai.sp.gov.br\/noticias\/wp-content\/uploads\/sites\/32\/2017\/06\/sororoca-1.jpg 1280w, https:\/\/jundiai.sp.gov.br\/noticias\/wp-content\/uploads\/sites\/32\/2017\/06\/sororoca-1-300x200.jpg 300w, https:\/\/jundiai.sp.gov.br\/noticias\/wp-content\/uploads\/sites\/32\/2017\/06\/sororoca-1-768x512.jpg 768w, https:\/\/jundiai.sp.gov.br\/noticias\/wp-content\/uploads\/sites\/32\/2017\/06\/sororoca-1-1160x773.jpg 1160w\" sizes=\"auto, (max-width: 1280px) 100vw, 1280px\" \/><\/a><p id=\"caption-attachment-200371\" class=\"wp-caption-text\">O skatista Jo\u00e3o Vitor Ferreira comemora a competi\u00e7\u00e3o acontecer em Jundia\u00ed<br \/><\/p><\/div>Skatista de longa data, Wellington Caverna vai al\u00e9m e lembra que, ao sediar uma competi\u00e7\u00e3o deste porte, Jundia\u00ed ganha outros impulsos. \u201cNa verdade, movimenta toda a cidade, os skatistas chegam \u00e0 cidade uma semana antes do circuito para reconhecer a pista e treinar. Isso significa um aquecimento do setor de hotelaria, de bares e restaurantes, al\u00e9m da pr\u00f3pria modalidade que se tornar\u00e1 mais reconhecida\u201d, lembra.<\/p>\n<p>Na ocasi\u00e3o, um grupo de praticantes da modalidade criar\u00e1 a Associa\u00e7\u00e3o de Skate e Jundia\u00ed e Esporte Radicais (ASKTJ). \u201cA proposta \u00e9 fortalecer o skate e tornar este esporte mais uma op\u00e7\u00e3o para a molecada. Depois de muito tempo estamos tendo uma abertura da administra\u00e7\u00e3o p\u00fablica e queremos aproveitar esta parceria com a UGEL\u201d, explica J\u00fanior Lamarca, um dos idealizadores da ASKTJ.<br \/>\n<em><strong><br \/>\nAssessoria de Imprensa<br \/>\nFotos: Prefeitura de Jundia\u00ed<\/strong><\/em><\/p>\n","protected":false},"excerpt":{"rendered":"<p>A pista do Complexo Esportivo Jos\u00e9 Brenna (Sororoca) receber\u00e1 skatistas de diversas cidades no evento, que acontece em setembro<\/p>\n","protected":false},"author":30,"featured_media":200368,"comment_status":"closed","ping_status":"closed","sticky":false,"template":"","format":"standard","meta":{"footnotes":""},"categories":[2],"tags":[1009],"ods":[],"class_list":["post-200367","post","type-post","status-publish","format-standard","has-post-thumbnail","hentry","category-noticias","tag-sororoca"],"_links":{"self":[{"href":"https:\/\/jundiai.sp.gov.br\/noticias\/wp-json\/wp\/v2\/posts\/200367","targetHints":{"allow":["GET"]}}],"collection":[{"href":"https:\/\/jundiai.sp.gov.br\/noticias\/wp-json\/wp\/v2\/posts"}],"about":[{"href":"https:\/\/jundiai.sp.gov.br\/noticias\/wp-json\/wp\/v2\/types\/post"}],"author":[{"embeddable":true,"href":"https:\/\/jundiai.sp.gov.br\/noticias\/wp-json\/wp\/v2\/users\/30"}],"replies":[{"embeddable":true,"href":"https:\/\/jundiai.sp.gov.br\/noticias\/wp-json\/wp\/v2\/comments?post=200367"}],"version-history":[{"count":8,"href":"https:\/\/jundiai.sp.gov.br\/noticias\/wp-json\/wp\/v2\/posts\/200367\/revisions"}],"predecessor-version":[{"id":200586,"href":"https:\/\/jundiai.sp.gov.br\/noticias\/wp-json\/wp\/v2\/posts\/200367\/revisions\/200586"}],"wp:featuredmedia":[{"embeddable":true,"href":"https:\/\/jundiai.sp.gov.br\/noticias\/wp-json\/wp\/v2\/media\/200368"}],"wp:attachment":[{"href":"https:\/\/jundiai.sp.gov.br\/noticias\/wp-json\/wp\/v2\/media?parent=200367"}],"wp:term":[{"taxonomy":"category","embeddable":true,"href":"https:\/\/jundiai.sp.gov.br\/noticias\/wp-json\/wp\/v2\/categories?post=200367"},{"taxonomy":"post_tag","embeddable":true,"href":"https:\/\/jundiai.sp.gov.br\/noticias\/wp-json\/wp\/v2\/tags?post=200367"},{"taxonomy":"ods","embeddable":true,"href":"https:\/\/jundiai.sp.gov.br\/noticias\/wp-json\/wp\/v2\/ods?post=200367"}],"curies":[{"name":"wp","href":"https:\/\/api.w.org\/{rel}","templated":true}]}}