{"id":200596,"date":"2017-07-03T16:02:42","date_gmt":"2017-07-03T19:02:42","guid":{"rendered":"https:\/\/jundiai.sp.gov.br\/noticias\/?p=200596"},"modified":"2017-07-04T18:23:34","modified_gmt":"2017-07-04T21:23:34","slug":"meis-com-debitos-fiscais-podem-parcelar-divida-em-ate-120-vezes","status":"publish","type":"post","link":"https:\/\/jundiai.sp.gov.br\/noticias\/2017\/07\/03\/meis-com-debitos-fiscais-podem-parcelar-divida-em-ate-120-vezes\/","title":{"rendered":"MEIs com d\u00e9bitos fiscais podem parcelar d\u00edvida em at\u00e9 120 vezes"},"content":{"rendered":"<p><strong>Os Microempreendedores Individuais (MEIs) que est\u00e3o com d\u00e9bitos fiscais podem, a partir desta segunda-feira (3), parcelar suas d\u00edvidas. Em Jundia\u00ed, cerca de 56% dos 15 mil MEIs registrados, segundo dados do Departamento de Fomento ao Com\u00e9rcio e Servi\u00e7os da Prefeitura de Jundia\u00ed, est\u00e3o com impostos atrasados. A regulariza\u00e7\u00e3o reabilita o contribuinte a ter acesso aos direitos previdenci\u00e1rios como aposentadoria, aux\u00edlio-doen\u00e7a e licen\u00e7a-maternidade. O prazo para parcelamento \u2013 que poder\u00e1 ser feito em at\u00e9 120 meses \u2013 termina em outubro.<\/strong><\/p>\n<p>Segundo Julio Cesar Durante, diretor do Departamento de Fomento ao Com\u00e9rcio e Servi\u00e7os da Prefeitura de Jundia\u00ed, a inadimpl\u00eancia dos MEIs significa a n\u00e3o destina\u00e7\u00e3o do valor referente ao Imposto sobre Servi\u00e7os de Qualquer Natureza (ISS) incidente sobre a presta\u00e7\u00e3o de servi\u00e7os para o Fisco. \u201cCom essa esp\u00e9cie de \u2018Refis\u2019, os MEIs poder\u00e3o regularizar sua situa\u00e7\u00e3o com a Previd\u00eancia garantindo sua aposentadoria al\u00e9m de manter a situa\u00e7\u00e3o regular com a administra\u00e7\u00e3o municipal\u201d, detalha.<\/p>\n<p><strong>LEIA TAMB\u00c9M<\/strong><br \/>\n<a href=\"https:\/\/jundiai.sp.gov.br\/noticias\/2017\/06\/29\/empresa-trara-toda-a-producao-do-cafe-pele-para-jundiai\/\">Empresa trar\u00e1 toda a produ\u00e7\u00e3o do Caf\u00e9 Pel\u00e9 para Jundia\u00ed<\/a><\/p>\n<p>O diretor explica que dos inadimplentes jundiaienses, 50% s\u00e3o prestadores de servi\u00e7os. \u201cS\u00e3o cerca de 4,5 mil contribuintes de ISS que, aderindo ao programa, far\u00e3o retornar mensalmente aos cofres p\u00fablicos municipais cerca de R$ 22 mil\u201d, contabiliza. Os demais devedores contribuem para o aumento do Valor Agregado do Imposto sobre Circula\u00e7\u00e3o de Mercadorias (ICMS).<\/p>\n<p>De acordo com dados levantados pelo Sebrae, de cada MEI formalizado, dois est\u00e3o na informalidade. \u201cA ado\u00e7\u00e3o de medidas como essas tornam o ambiente para empreender mais seguro, o que reduz a informalidade e a press\u00e3o social sobre a Administra\u00e7\u00e3o P\u00fablica. Press\u00e3o esta que se traduz em gastos maiores em Sa\u00fade e Seguran\u00e7a P\u00fablica\u201d, aponta Durante.<\/p>\n<p><strong>Como parcelar<\/strong><br \/>\nA solicita\u00e7\u00e3o do parcelamento precisa ser feita pela internet, e por meio do site da <a href=\"http:\/\/www.receita.fazenda.gov.br\" target=\"_blank\" rel=\"noopener noreferrer\">Receita Federal<\/a>, do<a href=\"https:\/\/cav.receita.fazenda.gov.br\/eCAC\/publico\/login.aspx\" target=\"_blank\" rel=\"noopener noreferrer\"> portal e-CAC<\/a> ou do <a href=\"http:\/\/(https:\/\/www8.receita.fazenda.gov.br\/SimplesNacional\/\" target=\"_blank\" rel=\"noopener noreferrer\">portal do Simples Nacional<\/a>. Para solicitar a ades\u00e3o ao programa, o inadimplente deve apresentar a Declara\u00e7\u00e3o Anual Simplificada para o Microempreendedor Individual (DASN-Simei) relativa aos respectivos per\u00edodos de apura\u00e7\u00e3o.<\/p>\n<p>As d\u00edvidas acumuladas at\u00e9 maio de 2016 poder\u00e3o ser parceladas em at\u00e9 120 presta\u00e7\u00f5es, que dever\u00e3o ter valor de pelo menos R$ 50. Para d\u00e9bitos de boletos vencidos ap\u00f3s maio de 2016, o parcelamento ser\u00e1 de at\u00e9 60 meses.<\/p>\n<p>O aplicativo ir\u00e1 calcular a quantidade de parcelas de forma autom\u00e1tica, considerando o maior n\u00famero de parcelas poss\u00edvel. O valor de cada parcela mensal ser\u00e1 acrescido de juros da taxa Selic mais 1%, relativamente ao m\u00eas em que o pagamento estiver sendo efetuado.<\/p>\n<p><em><strong>Assessoria de Imprensa<\/strong><\/em><\/p>\n","protected":false},"excerpt":{"rendered":"<p>Cerca de 56% dos 15 mil MEIs registrados est\u00e3o com impostos atrasados. A regulariza\u00e7\u00e3o reabilita o acesso aos direitos previdenci\u00e1rios<\/p>\n","protected":false},"author":30,"featured_media":200683,"comment_status":"closed","ping_status":"closed","sticky":false,"template":"","format":"standard","meta":{"footnotes":""},"categories":[2],"tags":[365],"ods":[],"class_list":["post-200596","post","type-post","status-publish","format-standard","has-post-thumbnail","hentry","category-noticias","tag-desenvolvimento-economico-ciencia-e-tecnologia"],"_links":{"self":[{"href":"https:\/\/jundiai.sp.gov.br\/noticias\/wp-json\/wp\/v2\/posts\/200596","targetHints":{"allow":["GET"]}}],"collection":[{"href":"https:\/\/jundiai.sp.gov.br\/noticias\/wp-json\/wp\/v2\/posts"}],"about":[{"href":"https:\/\/jundiai.sp.gov.br\/noticias\/wp-json\/wp\/v2\/types\/post"}],"author":[{"embeddable":true,"href":"https:\/\/jundiai.sp.gov.br\/noticias\/wp-json\/wp\/v2\/users\/30"}],"replies":[{"embeddable":true,"href":"https:\/\/jundiai.sp.gov.br\/noticias\/wp-json\/wp\/v2\/comments?post=200596"}],"version-history":[{"count":7,"href":"https:\/\/jundiai.sp.gov.br\/noticias\/wp-json\/wp\/v2\/posts\/200596\/revisions"}],"predecessor-version":[{"id":200686,"href":"https:\/\/jundiai.sp.gov.br\/noticias\/wp-json\/wp\/v2\/posts\/200596\/revisions\/200686"}],"wp:featuredmedia":[{"embeddable":true,"href":"https:\/\/jundiai.sp.gov.br\/noticias\/wp-json\/wp\/v2\/media\/200683"}],"wp:attachment":[{"href":"https:\/\/jundiai.sp.gov.br\/noticias\/wp-json\/wp\/v2\/media?parent=200596"}],"wp:term":[{"taxonomy":"category","embeddable":true,"href":"https:\/\/jundiai.sp.gov.br\/noticias\/wp-json\/wp\/v2\/categories?post=200596"},{"taxonomy":"post_tag","embeddable":true,"href":"https:\/\/jundiai.sp.gov.br\/noticias\/wp-json\/wp\/v2\/tags?post=200596"},{"taxonomy":"ods","embeddable":true,"href":"https:\/\/jundiai.sp.gov.br\/noticias\/wp-json\/wp\/v2\/ods?post=200596"}],"curies":[{"name":"wp","href":"https:\/\/api.w.org\/{rel}","templated":true}]}}