{"id":200946,"date":"2017-07-07T11:06:24","date_gmt":"2017-07-07T14:06:24","guid":{"rendered":"https:\/\/jundiai.sp.gov.br\/noticias\/?p=200946"},"modified":"2017-07-10T09:51:24","modified_gmt":"2017-07-10T12:51:24","slug":"confira-as-interdicoes-viarias-no-feriado-deste-domingo-9","status":"publish","type":"post","link":"https:\/\/jundiai.sp.gov.br\/noticias\/2017\/07\/07\/confira-as-interdicoes-viarias-no-feriado-deste-domingo-9\/","title":{"rendered":"Confira as interdi\u00e7\u00f5es vi\u00e1rias no feriado deste domingo (9)"},"content":{"rendered":"<p><strong>Por conta da realiza\u00e7\u00e3o da \u201cMaxi Corrida Noturna 9 De Julho\u201d, marcada para este domingo (9), a partir das 19h, a Unidade de Gest\u00e3o de Mobilidade e Transporte (UGMT) realizar\u00e1 algumas interfer\u00eancias no vi\u00e1rio da cidade para atender corredores e motoristas. <\/strong><\/p>\n<p><strong>LEIA TAMB\u00c9M<\/strong><br \/>\n<a href=\"https:\/\/jundiai.sp.gov.br\/noticias\/2017\/07\/06\/9-de-julho-veja-o-que-abre-e-fecha-na-cidade\/\">9 de Julho: veja o que abre e fecha na cidade<\/a><br \/>\n<a href=\"https:\/\/jundiai.sp.gov.br\/noticias\/2017\/07\/07\/obra-de-concessionaria-altera-transporte-publico-neste-sabado-8\/\">Obra de concession\u00e1ria altera transporte p\u00fablico neste s\u00e1bado (8)<\/a><\/p>\n<p>Ser\u00e3o necess\u00e1rias algumas interdi\u00e7\u00f5es de trechos de ruas e avenidas e do bols\u00e3o de estacionamento localizado na avenida 9 de Julho, a partir da meia-noite. A mesma via ter\u00e1 trechos interditados no sentido Jardim Bonfiglioli para a Vila Hortol\u00e2ndia, trecho entre o retorno existente nas proximidades da rua Luiz de Jesus at\u00e9 a rua S\u00e3o L\u00e1zaro, bem como interdi\u00e7\u00e3o no seu sentido oposto, trecho entre a avenida Prefeito Luiz Latorre e a rua \u00c2ngelo Mazzuia, para ve\u00edculos em geral, das 16h \u00e0s 22h. Os cruzamentos das ruas S\u00e3o L\u00e1zaro, Eduardo Tomanik e Conrado Augusto Offa ser\u00e3o interditados a partir das 18h.<\/p>\n<p><strong>Os desvios alternativos poder\u00e3o ser feitos pelas vias:<\/strong><\/p>\n<p><strong>Sentido Via Anhanguera, rua Messina para regi\u00e3o Central, Hospitalar e para avenida Ant\u00f4nio Frederico Ozanan:<\/strong> o motorista deve seguir pela avenida 9 de Julho, na altura da rotat\u00f3ria pr\u00f3xima ao Jundia\u00ed Shopping, entrar \u00e0 esquerda pela avenida Coleta Ferraz de Castro, passar pela avenida Pedro Blanco da Silva, avenida Manoela Lacerda de Vergueiro, seguir \u00e0 direita pela avenida Jundia\u00ed, sentido Centro, \u00e0 esquerda pela rua Petronilha Antunes, \u00e0 direita pela rua Coronel Boaventura Mendes Pereira, \u00e0 esquerda pela rua Senador Fonseca, cruzar a rua 11 de Junho, adentrar na rua S\u00e3o Vicente de Paulo e rua Professor Luiz Rosa, \u00e0 esquerda pela avenida Henrique Andr\u00e9s, \u00e0 direita pela avenida Ant\u00f4nio Segre para chegar \u00e0 avenida Ant\u00f4nio Frederico Ozanan;<\/p>\n<p><strong>Sentido Via Anhanguera\/rua Messina, para avenidas Prefeito Luiz Latorre, Ant\u00f4nio Frederico Ozanan e Vila Hortol\u00e2ndia:<\/strong> ainda na 9 de Julho, seguir \u00e0 esquerda pela avenida Coleta Ferraz de Castro, na altura da rotat\u00f3ria do Jundia\u00ed Shopping. Ap\u00f3s, pelas avenidas Pedro Blanco da Silva e Manoela Lacerda de Vergueiro, seguir \u00e0 esquerda pela avenida Jundia\u00ed, sentido Via Anhanguera, \u00e0 direita na avenida Manoela Lacerda de Vergueiro, \u00e0 esquerda pela rua do Retiro, \u00e0 direita pela rua Pedro Putini, \u00e0 direita novamente pela avenida Prefeito Luiz Latorre para acessar avenida Ant\u00f4nio Segre e avenida Ant\u00f4nio Frederico Ozanan;<\/p>\n<p><strong>Sentido avenida Ant\u00f4nio Frederico Ozanan para Regi\u00e3o Central e Hospitalar:<\/strong> o motorista poder\u00e1 entrar pela avenida Ant\u00f4nio Frederico Ozanan, sentido Maxi Shopping, seguindo \u00e0 direita na avenida Ant\u00f4nio Segre, \u00e0 esquerda na avenida Henrique Andr\u00e9s, \u00e0 direita na rua Anchieta;<\/p>\n<p><strong>Sentido avenida Ant\u00f4nio Frederico Ozanan para avenida 9 de Julho sentido Centro, Via Anhanguera:<\/strong> O trajeto poder\u00e1 ser feito pela avenida Prefeito Luiz Latorre, sentido bairro, \u00e0 esquerda pela rua Aurora Germano de Lemos, \u00e0 esquerda na rua do Retiro, \u00e0 esquerda na rua Profa. Ernestina Ribeiro e retornar \u00e0 avenida 9 de Julho;<\/p>\n<p>Para quem estiver na avenida Prefeito Luiz Latorre e desejar seguir pela avenida 9 de Julho sentido Centro, poder\u00e1 seguir o desvio acima, a partir da rua Aurora Germano de Lemos ou \u00e0 direita pela avenida Jaciro Martinasso.<\/p>\n<div id=\"attachment_200970\" style=\"width: 1250px\" class=\"wp-caption aligncenter\"><a href=\"https:\/\/jundiai.sp.gov.br\/noticias\/wp-content\/uploads\/sites\/32\/2017\/07\/nove_de_julho.jpg\"><img loading=\"lazy\" decoding=\"async\" aria-describedby=\"caption-attachment-200970\" src=\"https:\/\/jundiai.sp.gov.br\/noticias\/wp-content\/uploads\/sites\/32\/2017\/07\/nove_de_julho.jpg\" alt=\"\" width=\"1240\" height=\"870\" class=\"size-full wp-image-200970\" srcset=\"https:\/\/jundiai.sp.gov.br\/noticias\/wp-content\/uploads\/sites\/32\/2017\/07\/nove_de_julho.jpg 1240w, https:\/\/jundiai.sp.gov.br\/noticias\/wp-content\/uploads\/sites\/32\/2017\/07\/nove_de_julho-300x210.jpg 300w, https:\/\/jundiai.sp.gov.br\/noticias\/wp-content\/uploads\/sites\/32\/2017\/07\/nove_de_julho-768x539.jpg 768w, https:\/\/jundiai.sp.gov.br\/noticias\/wp-content\/uploads\/sites\/32\/2017\/07\/nove_de_julho-1160x814.jpg 1160w\" sizes=\"auto, (max-width: 1240px) 100vw, 1240px\" \/><\/a><p id=\"caption-attachment-200970\" class=\"wp-caption-text\">Avenida 9 de Julho est\u00e1 entre os locais com interdi\u00e7\u00e3o<\/p><\/div>\n<p><em><strong>Assessoria de Imprensa<\/strong><\/em><br \/>\n<em><strong> Foto: Fot\u00f3grafos PMJ<\/strong><\/em><\/p>\n","protected":false},"excerpt":{"rendered":"<p>Unidade de Gest\u00e3o de Mobilidade e Transporte (UGMT) realizar\u00e1 algumas interfer\u00eancias no vi\u00e1rio da cidade para atender corredores e motoristas<\/p>\n","protected":false},"author":14,"featured_media":200975,"comment_status":"closed","ping_status":"closed","sticky":false,"template":"","format":"standard","meta":{"footnotes":""},"categories":[2],"tags":[958,982],"ods":[],"class_list":["post-200946","post","type-post","status-publish","format-standard","has-post-thumbnail","hentry","category-noticias","tag-interdicao-de-via","tag-mobilidade-e-transporte"],"_links":{"self":[{"href":"https:\/\/jundiai.sp.gov.br\/noticias\/wp-json\/wp\/v2\/posts\/200946","targetHints":{"allow":["GET"]}}],"collection":[{"href":"https:\/\/jundiai.sp.gov.br\/noticias\/wp-json\/wp\/v2\/posts"}],"about":[{"href":"https:\/\/jundiai.sp.gov.br\/noticias\/wp-json\/wp\/v2\/types\/post"}],"author":[{"embeddable":true,"href":"https:\/\/jundiai.sp.gov.br\/noticias\/wp-json\/wp\/v2\/users\/14"}],"replies":[{"embeddable":true,"href":"https:\/\/jundiai.sp.gov.br\/noticias\/wp-json\/wp\/v2\/comments?post=200946"}],"version-history":[{"count":11,"href":"https:\/\/jundiai.sp.gov.br\/noticias\/wp-json\/wp\/v2\/posts\/200946\/revisions"}],"predecessor-version":[{"id":201022,"href":"https:\/\/jundiai.sp.gov.br\/noticias\/wp-json\/wp\/v2\/posts\/200946\/revisions\/201022"}],"wp:featuredmedia":[{"embeddable":true,"href":"https:\/\/jundiai.sp.gov.br\/noticias\/wp-json\/wp\/v2\/media\/200975"}],"wp:attachment":[{"href":"https:\/\/jundiai.sp.gov.br\/noticias\/wp-json\/wp\/v2\/media?parent=200946"}],"wp:term":[{"taxonomy":"category","embeddable":true,"href":"https:\/\/jundiai.sp.gov.br\/noticias\/wp-json\/wp\/v2\/categories?post=200946"},{"taxonomy":"post_tag","embeddable":true,"href":"https:\/\/jundiai.sp.gov.br\/noticias\/wp-json\/wp\/v2\/tags?post=200946"},{"taxonomy":"ods","embeddable":true,"href":"https:\/\/jundiai.sp.gov.br\/noticias\/wp-json\/wp\/v2\/ods?post=200946"}],"curies":[{"name":"wp","href":"https:\/\/api.w.org\/{rel}","templated":true}]}}