{"id":201150,"date":"2017-07-11T19:14:21","date_gmt":"2017-07-11T22:14:21","guid":{"rendered":"https:\/\/jundiai.sp.gov.br\/noticias\/?p=201150"},"modified":"2017-07-11T19:14:21","modified_gmt":"2017-07-11T22:14:21","slug":"centro-de-tradicoes-nordestinas-pretende-trazer-evento-itinerante-a-jundiai","status":"publish","type":"post","link":"https:\/\/jundiai.sp.gov.br\/noticias\/2017\/07\/11\/centro-de-tradicoes-nordestinas-pretende-trazer-evento-itinerante-a-jundiai\/","title":{"rendered":"Centro de Tradi\u00e7\u00f5es Nordestinas pretende trazer evento itinerante a Jundia\u00ed"},"content":{"rendered":"<p><div id=\"attachment_201152\" style=\"width: 410px\" class=\"wp-caption alignleft\"><a href=\"https:\/\/jundiai.sp.gov.br\/noticias\/wp-content\/uploads\/sites\/32\/2017\/07\/CTN_Itinerantes-2.jpg\"><img loading=\"lazy\" decoding=\"async\" aria-describedby=\"caption-attachment-201152\" src=\"https:\/\/jundiai.sp.gov.br\/noticias\/wp-content\/uploads\/sites\/32\/2017\/07\/CTN_Itinerantes-2.jpg\" alt=\"\" width=\"400\" height=\"350\" class=\"size-full wp-image-201152\" \/><\/a><p id=\"caption-attachment-201152\" class=\"wp-caption-text\">Comitiva do Centro de Tradi\u00e7\u00f5es Nordestinas (CTN) visitou a cidade nesta ter\u00e7a-feira (11)<br \/><\/p><\/div><strong>Uma comitiva do Centro de Tradi\u00e7\u00f5es Nordestinas (CTN) visitou Jundia\u00ed nesta ter\u00e7a-feira (11), a fim de avaliar e viabilizar a vinda do \u201cCTN Itinerante\u201d para o Parque Comendador Ant\u00f4nio Carbonari (Parque da Uva). O projeto, que valoriza a cultura nordestina, re\u00fane o melhor da gastronomia, cancioneiro e tradi\u00e7\u00f5es dessa regi\u00e3o do pa\u00eds com atendimentos sociais, como emiss\u00e3o de documentos, exames de vista, aferi\u00e7\u00e3o de press\u00e3o arterial, glicemia e diabetes gratuitamente.<\/strong><\/p>\n<p>O prefeito Luiz Fernando Machado deu as boas-vindas \u00e0 comitiva. \u201cCom certeza temos interesse em receber um evento desse porte em nossa cidade, ainda mais conhecendo a estrutura do CTN. \u00c9 somente uma quest\u00e3o de acerto de datas\u201d, destacou o chefe do Executivo.<\/p>\n<p>O representante do CTN, Gabriel Melo, explicou que a proposta do CTN Itinerante \u00e9 levar a experi\u00eancia da capital paulistana para as cidades do interior. \u201cEscolhemos Jundia\u00ed porque entendemos seu potencial e admiramos a sua organiza\u00e7\u00e3o\u201d, apontou. \u201cFicamos maravilhados com a estrutura do parque da Uva. Tenho certeza de que este evento entrar\u00e1 no calend\u00e1rio municipal\u201d, completou.<\/p>\n<p><strong>LEIA TAMB\u00c9M<\/strong><br \/>\n<a href=\"https:\/\/jundiai.sp.gov.br\/noticias\/2017\/07\/11\/sexta-no-centro-reestreia-na-praca-do-coreto-na-sexta-feira-14\/\">\u2018Sexta no Centro\u2019 reestreia na Pra\u00e7a do Coreto na sexta-feira (14)<\/a><\/p>\n<p>Os alinhamentos da vinda do evento ser\u00e3o tratados pela comitiva do CTN com a Unidade de Gest\u00e3o de Agroneg\u00f3cio, Abastecimento e Turismo (UGAAT), atrav\u00e9s do departamento de Turismo e do programa Jundia\u00ed feito \u00e0 M\u00e3o; do Fundo Social de Solidariedade (FUNSS), pela participa\u00e7\u00e3o de entidades assistenciais parceiras, e da Unidade de Gest\u00e3o de Cultura. \u201cPensando no trabalho em Plataformas de Servi\u00e7os, a Cultura pode tratar com a Educa\u00e7\u00e3o a discuss\u00e3o em sala de aula sobre as tradi\u00e7\u00f5es nordestinas, por exemplo\u201d, comentou o diretor de Cultura, Marcelo Peroni.<\/p>\n<p>O Centro de Tradi\u00e7\u00f5es Nordestinas fica na Rua Jacofer, 615, Bairro do Lim\u00e3o, S\u00e3o Paulo, e recebe anualmente mais de um milh\u00e3o de visitantes.<\/p>\n<p><em><strong>Assessoria de Imprensa<br \/>\nFoto: Fot\u00f3grafos PMJ<\/strong><\/em><\/p>\n","protected":false},"excerpt":{"rendered":"<p>Uma comitiva do Centro de Tradi\u00e7\u00f5es Nordestinas (CTN) visitou Jundia\u00ed nesta ter\u00e7a-feira (11), a fim de avaliar e viabilizar a vinda do \u201cCTN Itinerante\u201d para o Parque Comendador Ant\u00f4nio Carbonari (Parque da Uva). O projeto, que valoriza a cultura nordestina, re\u00fane o melhor da gastronomia, cancioneiro e tradi\u00e7\u00f5es dessa regi\u00e3o do pa\u00eds com atendimentos sociais, [&hellip;]<\/p>\n","protected":false},"author":30,"featured_media":0,"comment_status":"closed","ping_status":"closed","sticky":false,"template":"","format":"standard","meta":{"footnotes":""},"categories":[2],"tags":[974,29,416,276],"ods":[],"class_list":["post-201150","post","type-post","status-publish","format-standard","hentry","category-noticias","tag-agronegocio-abastecimento-e-turismo","tag-cultura","tag-fundo-social-de-solidariedade-funss","tag-parque-da-uva"],"_links":{"self":[{"href":"https:\/\/jundiai.sp.gov.br\/noticias\/wp-json\/wp\/v2\/posts\/201150","targetHints":{"allow":["GET"]}}],"collection":[{"href":"https:\/\/jundiai.sp.gov.br\/noticias\/wp-json\/wp\/v2\/posts"}],"about":[{"href":"https:\/\/jundiai.sp.gov.br\/noticias\/wp-json\/wp\/v2\/types\/post"}],"author":[{"embeddable":true,"href":"https:\/\/jundiai.sp.gov.br\/noticias\/wp-json\/wp\/v2\/users\/30"}],"replies":[{"embeddable":true,"href":"https:\/\/jundiai.sp.gov.br\/noticias\/wp-json\/wp\/v2\/comments?post=201150"}],"version-history":[{"count":4,"href":"https:\/\/jundiai.sp.gov.br\/noticias\/wp-json\/wp\/v2\/posts\/201150\/revisions"}],"predecessor-version":[{"id":201155,"href":"https:\/\/jundiai.sp.gov.br\/noticias\/wp-json\/wp\/v2\/posts\/201150\/revisions\/201155"}],"wp:attachment":[{"href":"https:\/\/jundiai.sp.gov.br\/noticias\/wp-json\/wp\/v2\/media?parent=201150"}],"wp:term":[{"taxonomy":"category","embeddable":true,"href":"https:\/\/jundiai.sp.gov.br\/noticias\/wp-json\/wp\/v2\/categories?post=201150"},{"taxonomy":"post_tag","embeddable":true,"href":"https:\/\/jundiai.sp.gov.br\/noticias\/wp-json\/wp\/v2\/tags?post=201150"},{"taxonomy":"ods","embeddable":true,"href":"https:\/\/jundiai.sp.gov.br\/noticias\/wp-json\/wp\/v2\/ods?post=201150"}],"curies":[{"name":"wp","href":"https:\/\/api.w.org\/{rel}","templated":true}]}}