{"id":201219,"date":"2017-07-12T16:33:52","date_gmt":"2017-07-12T19:33:52","guid":{"rendered":"https:\/\/jundiai.sp.gov.br\/noticias\/?p=201219"},"modified":"2017-07-24T12:06:58","modified_gmt":"2017-07-24T15:06:58","slug":"assessoria-intensifica-esforcos-de-empregabilidade-para-pessoas-com-deficiencia","status":"publish","type":"post","link":"https:\/\/jundiai.sp.gov.br\/noticias\/2017\/07\/12\/assessoria-intensifica-esforcos-de-empregabilidade-para-pessoas-com-deficiencia\/","title":{"rendered":"Pessoas com defici\u00eancia: assessoria trabalha por empregabilidade"},"content":{"rendered":"<p><div id=\"attachment_201223\" style=\"width: 410px\" class=\"wp-caption alignleft\"><a href=\"https:\/\/jundiai.sp.gov.br\/noticias\/wp-content\/uploads\/sites\/32\/2017\/07\/Conferencia-deficiencia.jpg\"><img loading=\"lazy\" decoding=\"async\" aria-describedby=\"caption-attachment-201223\" class=\"size-full wp-image-201223\" src=\"https:\/\/jundiai.sp.gov.br\/noticias\/wp-content\/uploads\/sites\/32\/2017\/07\/Conferencia-deficiencia.jpg\" alt=\"\" width=\"400\" height=\"350\" \/><\/a><p id=\"caption-attachment-201223\" class=\"wp-caption-text\">Empregabilidade para pessoas com defici\u00eancia foi um dos temas discutidos na Confer\u00eancia Municipal da Pessoa com Defici\u00eancia realizada em maio<\/p><\/div><strong>Depois de sete meses desempregada, a auxiliar de coordena\u00e7\u00e3o Ana Laura Costa Pickard recebeu uma boa not\u00edcia logo no in\u00edcio deste ano, quando foi contratada pela Unip de Jundia\u00ed. Ela \u00e9 uma das sete pessoas que j\u00e1 foram beneficiadas em 2017 com a intensifica\u00e7\u00e3o das a\u00e7\u00f5es do programa de empregabilidade para pessoas com defici\u00eancia oferecido pela Prefeitura de Jundia\u00ed, por meio da Assessoria de Pol\u00edticas para Pessoa com Defici\u00eancia (APPCD).<\/strong><\/p>\n<p><strong>LEIA TAMB\u00c9M<\/strong><br \/>\n<a href=\"https:\/\/jundiai.sp.gov.br\/noticias\/2017\/07\/06\/conselho-municipal-da-pessoa-com-deficiencia-toma-posse\/\">Conselho Municipal da Pessoa com Defici\u00eancia toma posse<\/a><\/p>\n<p>O apoio da Assessoria, segundo Ana, foi fundamental. \u201cEu estava procurando emprego pelas vias normais (jornais, sites, etc) mas n\u00e3o tinha conseguido nada. Me cadastrei no programa em outubro do ano passado e em janeiro consegui um emprego\u201d, conta a auxiliar, que tem um problema conhecido como vis\u00e3o subnormal.<\/p>\n<p>J\u00e1 a professora Elis\u00e2ngela Aparecida Pelegrinelli, portadora de mielomeningocele, foi a primeira pessoa a conseguir um emprego por meio do programa, que existe h\u00e1 20 anos e v\u00eam sendo intensificado desde o in\u00edcio desta gest\u00e3o. Segundo ela, a participa\u00e7\u00e3o no projeto tamb\u00e9m foi determinante para o desenvolvimento da sua carreira. \u201cEra muito dif\u00edcil arrumar um emprego naquela \u00e9poca. N\u00e3o fosse pelo programa, eu teria desanimado\u201d, diz. Ela foi contratada em 1997 pela TV Educativa. No primeiro semestre deste ano, sete pessoas conseguiram emprego com aux\u00edlio da assessoria, n\u00famero que j\u00e1 \u00e9 superior a todo o ano de 2016, quando seis foram beneficiados.<\/p>\n<div id=\"attachment_201221\" style=\"width: 410px\" class=\"wp-caption alignright\"><a href=\"https:\/\/jundiai.sp.gov.br\/noticias\/wp-content\/uploads\/sites\/32\/2017\/07\/Elis\u00e2ngela-Aparecida-1.jpg\"><img loading=\"lazy\" decoding=\"async\" aria-describedby=\"caption-attachment-201221\" class=\"size-full wp-image-201221\" src=\"https:\/\/jundiai.sp.gov.br\/noticias\/wp-content\/uploads\/sites\/32\/2017\/07\/Elis\u00e2ngela-Aparecida-1.jpg\" alt=\"\" width=\"400\" height=\"350\" \/><\/a><p id=\"caption-attachment-201221\" class=\"wp-caption-text\">Elis\u00e2ngela foi a primeira beneficiada pelo programa 20 anos atr\u00e1s<\/p><\/div>\n<p>De acordo com o respons\u00e1vel pela assessoria, Marco Ant\u00f4nio dos Santos, v\u00e1rias visitas foram realizadas a empresas de Jundia\u00ed e Regi\u00e3o a fim de conscientizar os empregadores sobre a import\u00e2ncia de dar oportunidade a pessoas com defici\u00eancia, inclusive em atendimento \u00e0 Lei de Cotas (8.213\/1991). \u201cPromovemos eventos este ano nos quais a quest\u00e3o da empregabilidade esteve em pauta\u201d, comenta.<\/p>\n<p>Para contar com o apoio do projeto, basta o interessado procurar a assessoria com o laudo comprovando a defici\u00eancia, para que seja feito um cadastro com seus dados pessoais e experi\u00eancias. \u201cUtilizamos este cadastro, que atualmente conta com cerca de 700 inscritos, para atender \u00e0s demandas que recebemos das empresas. Estamos tamb\u00e9m fazendo uma busca ativa na cidade a fim de cadastrar mais pessoas\u201d, afirma Marco Ant\u00f4nio. Ainda segundo o assessor, atualmente h\u00e1 538 pessoas com defici\u00eancia empregadas na Regi\u00e3o por meio do programa.<\/p>\n<p>A Assessoria de Pol\u00edticas para a Pessoa com Defici\u00eancia fica no Complexo Argos, no Espa\u00e7o Pedag\u00f3gico, sala 6, t\u00e9rreo. O endere\u00e7o \u00e9 avenida Doutor Cavalcanti, n\u00ba 396, Vila Arens. Mais informa\u00e7\u00f5es pelos telefones (11) 4588-5323 e 4588-5324.<\/p>\n<p><em><strong>Assessoria de Imprensa<br \/>\nFotos: Fot\u00f3grafos PMJ<\/strong><\/em><\/p>\n","protected":false},"excerpt":{"rendered":"<p>Mais de 530 pessoas est\u00e3o empregadas por meio do programa. Cadastro \u00e9 feito na Assessoria para Pessoas com Defici\u00eancia<\/p>\n","protected":false},"author":30,"featured_media":201228,"comment_status":"closed","ping_status":"closed","sticky":false,"template":"","format":"standard","meta":{"footnotes":""},"categories":[2],"tags":[1031,62,419],"ods":[],"class_list":["post-201219","post","type-post","status-publish","format-standard","has-post-thumbnail","hentry","category-noticias","tag-assessoria-de-politicas-para-pessoa-com-deficiencia","tag-casa-civil","tag-complexo-argos"],"_links":{"self":[{"href":"https:\/\/jundiai.sp.gov.br\/noticias\/wp-json\/wp\/v2\/posts\/201219","targetHints":{"allow":["GET"]}}],"collection":[{"href":"https:\/\/jundiai.sp.gov.br\/noticias\/wp-json\/wp\/v2\/posts"}],"about":[{"href":"https:\/\/jundiai.sp.gov.br\/noticias\/wp-json\/wp\/v2\/types\/post"}],"author":[{"embeddable":true,"href":"https:\/\/jundiai.sp.gov.br\/noticias\/wp-json\/wp\/v2\/users\/30"}],"replies":[{"embeddable":true,"href":"https:\/\/jundiai.sp.gov.br\/noticias\/wp-json\/wp\/v2\/comments?post=201219"}],"version-history":[{"count":14,"href":"https:\/\/jundiai.sp.gov.br\/noticias\/wp-json\/wp\/v2\/posts\/201219\/revisions"}],"predecessor-version":[{"id":201236,"href":"https:\/\/jundiai.sp.gov.br\/noticias\/wp-json\/wp\/v2\/posts\/201219\/revisions\/201236"}],"wp:featuredmedia":[{"embeddable":true,"href":"https:\/\/jundiai.sp.gov.br\/noticias\/wp-json\/wp\/v2\/media\/201228"}],"wp:attachment":[{"href":"https:\/\/jundiai.sp.gov.br\/noticias\/wp-json\/wp\/v2\/media?parent=201219"}],"wp:term":[{"taxonomy":"category","embeddable":true,"href":"https:\/\/jundiai.sp.gov.br\/noticias\/wp-json\/wp\/v2\/categories?post=201219"},{"taxonomy":"post_tag","embeddable":true,"href":"https:\/\/jundiai.sp.gov.br\/noticias\/wp-json\/wp\/v2\/tags?post=201219"},{"taxonomy":"ods","embeddable":true,"href":"https:\/\/jundiai.sp.gov.br\/noticias\/wp-json\/wp\/v2\/ods?post=201219"}],"curies":[{"name":"wp","href":"https:\/\/api.w.org\/{rel}","templated":true}]}}