{"id":201250,"date":"2017-07-12T17:55:30","date_gmt":"2017-07-12T20:55:30","guid":{"rendered":"https:\/\/jundiai.sp.gov.br\/noticias\/?p=201250"},"modified":"2017-07-12T17:59:04","modified_gmt":"2017-07-12T20:59:04","slug":"assessoria-discute-politicas-para-juventude-em-encontro","status":"publish","type":"post","link":"https:\/\/jundiai.sp.gov.br\/noticias\/2017\/07\/12\/assessoria-discute-politicas-para-juventude-em-encontro\/","title":{"rendered":"Assessoria discute pol\u00edticas para juventude em encontro"},"content":{"rendered":"<p><div id=\"attachment_201256\" style=\"width: 410px\" class=\"wp-caption alignleft\"><a href=\"https:\/\/jundiai.sp.gov.br\/noticias\/wp-content\/uploads\/sites\/32\/2017\/07\/PRG5130.jpg\"><img loading=\"lazy\" decoding=\"async\" aria-describedby=\"caption-attachment-201256\" src=\"https:\/\/jundiai.sp.gov.br\/noticias\/wp-content\/uploads\/sites\/32\/2017\/07\/PRG5130.jpg\" alt=\"\" width=\"400\" height=\"350\" class=\"size-full wp-image-201256\" \/><\/a><p id=\"caption-attachment-201256\" class=\"wp-caption-text\">Jovens foram recebidos pelo assessor de Pol\u00edticas para Juventude, Samuel Duarte<br \/><\/p><\/div><strong>Nesta quarta-feira (12), o assessor de Pol\u00edticas para a Juventude, Samuel Ferraz Duarte, recebeu cerca de 50 jovens em um encontro no audit\u00f3rio do Pa\u00e7o Municipal para tratar sobre as pol\u00edticas p\u00fablicas dispon\u00edveis para a juventude no Brasil, com aten\u00e7\u00e3o a Jundia\u00ed. Na ocasi\u00e3o, a Assessoria elencou as a\u00e7\u00f5es j\u00e1 realizadas este ano por solicita\u00e7\u00e3o do prefeito Luiz Fernando Machado, tais como uma oficina de desenvolvimento de games, projeto de educa\u00e7\u00e3o financeira nas escolas e o evento Esta\u00e7\u00e3o Geek.<\/strong><\/p>\n<p>Os participantes assistiram a v\u00eddeos sobre pol\u00edticas p\u00fablicas para a faixa et\u00e1ria, como, por exemplo, o ID Jovem, lan\u00e7ado este ano pelo Governo Federal. \u201cO programa \u00e9 voltado a jovens entre 15 e 29 anos com renda de at\u00e9 dois sal\u00e1rios m\u00ednimos. Quem participa tem benef\u00edcios como viagens interestaduais gratuitas e descontos em shows e outras atra\u00e7\u00f5es culturais\u201d, explicou o Assessor Samuel Duarte.<\/p>\n<p><strong>LEIA TAMB\u00c9M<\/strong><br \/>\n<a href=\"https:\/\/jundiai.sp.gov.br\/noticias\/2017\/07\/12\/assessoria-intensifica-esforcos-de-empregabilidade-para-pessoas-com-deficiencia\/\">Pessoas com defici\u00eancia: assessoria trabalha por empregabilidade<\/a><br \/>\n<a href=\"https:\/\/jundiai.sp.gov.br\/noticias\/2017\/07\/07\/conselho-da-comunidade-negra-recebe-inscricoes-no-dia-20\/\">Conselho da Comunidade Negra recebe inscri\u00e7\u00f5es no dia 20<\/a><\/p>\n<p>Outro assunto abordado no encontro foi o Conselho Municipal da Juventude, formado por membros da sociedade civil e do poder p\u00fablico, cuja composi\u00e7\u00e3o ser\u00e1 renovada no fim deste ano. \u201cA fun\u00e7\u00e3o do Conselho \u00e9 elaborar, coordenar e executar pol\u00edticas p\u00fablicas para garantir a participa\u00e7\u00e3o e integra\u00e7\u00e3o do jovem no processo social, econ\u00f4mico, pol\u00edtico e cultural\u201d, lembrou o gestor Gustavo Maryssael, da Casa Civil, Unidade de Gest\u00e3o \u00e0 qual est\u00e1 vinculada a Assessoria da Juventude, acrescentando que o prefeito Luiz Fernando iniciou a sua trajet\u00f3ria p\u00fablica e pol\u00edtica justamente por meio deste Conselho.<\/p>\n<p>O assessor da \u00e1rea de projetos da Cijun, Renan Cazzolatto, tamb\u00e9m participou da reuni\u00e3o e apresentou os projetos desenvolvidos para a Prefeitura na \u00e1rea de tecnologia, em especial o <a href=\"https:\/\/jundiai.sp.gov.br\/aplicativo-prefeitura-de-jundiai\/\" target=\"_blank\" rel=\"noopener noreferrer\">Aplicativo Jundia\u00ed<\/a>, que conta com mais de 80 servi\u00e7os para a popula\u00e7\u00e3o. O app pode ser baixado em qualquer smartphone Android ou iPhone. No final, os participantes responderam a um question\u00e1rio com d\u00favidas e sugest\u00f5es que ser\u00e3o avaliadas pela Assessoria.<br \/>\n<strong><br \/>\n<em>Assessoria de Imprensa<br \/>\nFoto: Fot\u00f3grafos PMJ<\/em><\/strong><\/p>\n","protected":false},"excerpt":{"rendered":"<p>Nesta quarta-feira (12), o assessor de Pol\u00edticas para a Juventude, Samuel Ferraz Duarte, recebeu cerca de 50 jovens em um encontro no audit\u00f3rio do Pa\u00e7o Municipal para tratar sobre as pol\u00edticas p\u00fablicas dispon\u00edveis para a juventude no Brasil, com aten\u00e7\u00e3o a Jundia\u00ed. Na ocasi\u00e3o, a Assessoria elencou as a\u00e7\u00f5es j\u00e1 realizadas este ano por solicita\u00e7\u00e3o [&hellip;]<\/p>\n","protected":false},"author":30,"featured_media":0,"comment_status":"closed","ping_status":"closed","sticky":false,"template":"","format":"standard","meta":{"footnotes":""},"categories":[2],"tags":[991,62,235],"ods":[],"class_list":["post-201250","post","type-post","status-publish","format-standard","hentry","category-noticias","tag-assessoria-de-politicas-para-a-juventude","tag-casa-civil","tag-companhia-de-informatica-de-jundiai-cijun"],"_links":{"self":[{"href":"https:\/\/jundiai.sp.gov.br\/noticias\/wp-json\/wp\/v2\/posts\/201250","targetHints":{"allow":["GET"]}}],"collection":[{"href":"https:\/\/jundiai.sp.gov.br\/noticias\/wp-json\/wp\/v2\/posts"}],"about":[{"href":"https:\/\/jundiai.sp.gov.br\/noticias\/wp-json\/wp\/v2\/types\/post"}],"author":[{"embeddable":true,"href":"https:\/\/jundiai.sp.gov.br\/noticias\/wp-json\/wp\/v2\/users\/30"}],"replies":[{"embeddable":true,"href":"https:\/\/jundiai.sp.gov.br\/noticias\/wp-json\/wp\/v2\/comments?post=201250"}],"version-history":[{"count":6,"href":"https:\/\/jundiai.sp.gov.br\/noticias\/wp-json\/wp\/v2\/posts\/201250\/revisions"}],"predecessor-version":[{"id":201258,"href":"https:\/\/jundiai.sp.gov.br\/noticias\/wp-json\/wp\/v2\/posts\/201250\/revisions\/201258"}],"wp:attachment":[{"href":"https:\/\/jundiai.sp.gov.br\/noticias\/wp-json\/wp\/v2\/media?parent=201250"}],"wp:term":[{"taxonomy":"category","embeddable":true,"href":"https:\/\/jundiai.sp.gov.br\/noticias\/wp-json\/wp\/v2\/categories?post=201250"},{"taxonomy":"post_tag","embeddable":true,"href":"https:\/\/jundiai.sp.gov.br\/noticias\/wp-json\/wp\/v2\/tags?post=201250"},{"taxonomy":"ods","embeddable":true,"href":"https:\/\/jundiai.sp.gov.br\/noticias\/wp-json\/wp\/v2\/ods?post=201250"}],"curies":[{"name":"wp","href":"https:\/\/api.w.org\/{rel}","templated":true}]}}