{"id":201489,"date":"2017-07-15T12:40:17","date_gmt":"2017-07-15T15:40:17","guid":{"rendered":"https:\/\/jundiai.sp.gov.br\/noticias\/?p=201489"},"modified":"2017-07-15T12:40:17","modified_gmt":"2017-07-15T15:40:17","slug":"anvisa-emite-certificado-internacional-de-vacina-so-para-passageiro-com-viagem-marcada","status":"publish","type":"post","link":"https:\/\/jundiai.sp.gov.br\/noticias\/2017\/07\/15\/anvisa-emite-certificado-internacional-de-vacina-so-para-passageiro-com-viagem-marcada\/","title":{"rendered":"Anvisa emite Certificado Internacional de Vacina s\u00f3 para passageiro com viagem marcada"},"content":{"rendered":"<p><strong>A partir desta segunda-feira (17), o Certificado Internacional de Vacina\u00e7\u00e3o e Profilaxia (CIVP) s\u00f3 ser\u00e1 emitido para requerentes que comprovarem viagem ou a conex\u00e3o em algum dos pa\u00edses que exigem o documento. A restri\u00e7\u00e3o foi uma determina\u00e7\u00e3o da Ag\u00eancia Nacional de Vigil\u00e2ncia Sanit\u00e1ria (ANVISA) que alega ter registrado um\u00a0aumento consider\u00e1vel de demanda e, assim, os formul\u00e1rios de CIVP aptos a serem utilizados por impressoras esgotaram.<\/strong><\/p>\n<p>A restri\u00e7\u00e3o deve ser mantida at\u00e9 que a Anvisa regularize o repasse do CIVP. A UGPS tem mantido contato di\u00e1rio com o \u00f3rg\u00e3o do Minist\u00e9rio da Sa\u00fade, mas n\u00e3o h\u00e1 previs\u00e3o da situa\u00e7\u00e3o ser regularizada. A emiss\u00e3o continua sendo feita na Unidade B\u00e1sica de Sa\u00fade (UBS) Central, \u00e0s quartas-feiras, das 8h \u00e0s 11h, e sextas-feiras, das 13h \u00e0s 16h.<\/p>\n<p><strong>LEIA TAMB\u00c9M<\/strong><br \/>\n<a href=\"https:\/\/jundiai.sp.gov.br\/noticias\/2017\/07\/13\/conferencia-de-saude-desvenda-panorama-do-sus\/\">Confer\u00eancia de Sa\u00fade desvenda panorama do SUS<\/a><\/p>\n<p>O CIVP \u00e9 um documento que comprova a vacina\u00e7\u00e3o contra a febre amarela e outras doen\u00e7as, bem como m\u00e9todos profil\u00e1ticos, medidas tomadas para evitar a dissemina\u00e7\u00e3o de doen\u00e7as e contamina\u00e7\u00e3o.<\/p>\n<p>O documento \u00e9 exigido, por alguns pa\u00edses, como condi\u00e7\u00e3o para a entrada de uma viajante. A possibilidade de exig\u00eancia do CIVP \u00e9 prevista no Regulamento Sanit\u00e1rio Internacional (RSI).<\/p>\n<p>A emiss\u00e3o do CIVP \u00e9 feita de forma gratuita nos Centros de Orienta\u00e7\u00e3o para a Sa\u00fade do Viajante da Anvisa, localizados em portos, aeroportos e fronteiras. Desde abril de 2011, o certificado pode ser emitido em Unidades do Sistema \u00danico de Sa\u00fade (SUS) credenciadas, como postos de sa\u00fade e hospitais, e nas cl\u00ednicas particulares credenciadas para esta finalidade.<\/p>\n<p><em><strong>Assessoria de Imprensa<\/strong><\/em><\/p>\n","protected":false},"excerpt":{"rendered":"<p>A partir desta segunda-feira (17), o Certificado Internacional de Vacina\u00e7\u00e3o e Profilaxia (CIVP) s\u00f3 ser\u00e1 emitido para requerentes que comprovarem viagem ou a conex\u00e3o em algum dos pa\u00edses que exigem o documento. A restri\u00e7\u00e3o foi uma determina\u00e7\u00e3o da Ag\u00eancia Nacional de Vigil\u00e2ncia Sanit\u00e1ria (ANVISA) que alega ter registrado um\u00a0aumento consider\u00e1vel de demanda e, assim, os [&hellip;]<\/p>\n","protected":false},"author":30,"featured_media":0,"comment_status":"closed","ping_status":"closed","sticky":false,"template":"","format":"standard","meta":{"footnotes":""},"categories":[2],"tags":[981],"ods":[],"class_list":["post-201489","post","type-post","status-publish","format-standard","hentry","category-noticias","tag-promocao-da-saude"],"_links":{"self":[{"href":"https:\/\/jundiai.sp.gov.br\/noticias\/wp-json\/wp\/v2\/posts\/201489","targetHints":{"allow":["GET"]}}],"collection":[{"href":"https:\/\/jundiai.sp.gov.br\/noticias\/wp-json\/wp\/v2\/posts"}],"about":[{"href":"https:\/\/jundiai.sp.gov.br\/noticias\/wp-json\/wp\/v2\/types\/post"}],"author":[{"embeddable":true,"href":"https:\/\/jundiai.sp.gov.br\/noticias\/wp-json\/wp\/v2\/users\/30"}],"replies":[{"embeddable":true,"href":"https:\/\/jundiai.sp.gov.br\/noticias\/wp-json\/wp\/v2\/comments?post=201489"}],"version-history":[{"count":4,"href":"https:\/\/jundiai.sp.gov.br\/noticias\/wp-json\/wp\/v2\/posts\/201489\/revisions"}],"predecessor-version":[{"id":201493,"href":"https:\/\/jundiai.sp.gov.br\/noticias\/wp-json\/wp\/v2\/posts\/201489\/revisions\/201493"}],"wp:attachment":[{"href":"https:\/\/jundiai.sp.gov.br\/noticias\/wp-json\/wp\/v2\/media?parent=201489"}],"wp:term":[{"taxonomy":"category","embeddable":true,"href":"https:\/\/jundiai.sp.gov.br\/noticias\/wp-json\/wp\/v2\/categories?post=201489"},{"taxonomy":"post_tag","embeddable":true,"href":"https:\/\/jundiai.sp.gov.br\/noticias\/wp-json\/wp\/v2\/tags?post=201489"},{"taxonomy":"ods","embeddable":true,"href":"https:\/\/jundiai.sp.gov.br\/noticias\/wp-json\/wp\/v2\/ods?post=201489"}],"curies":[{"name":"wp","href":"https:\/\/api.w.org\/{rel}","templated":true}]}}