{"id":201585,"date":"2017-07-17T18:04:35","date_gmt":"2017-07-17T21:04:35","guid":{"rendered":"https:\/\/jundiai.sp.gov.br\/noticias\/?p=201585"},"modified":"2017-07-17T18:04:35","modified_gmt":"2017-07-17T21:04:35","slug":"julho-amarelo-tem-campanha-contra-hepatites-virais","status":"publish","type":"post","link":"https:\/\/jundiai.sp.gov.br\/noticias\/2017\/07\/17\/julho-amarelo-tem-campanha-contra-hepatites-virais\/","title":{"rendered":"Julho Amarelo tem campanha contra Hepatites Virais"},"content":{"rendered":"<p><strong>A Unidade de Gest\u00e3o de Promo\u00e7\u00e3o da Sa\u00fade (UGPS), por meio do Programa Municipal de IST\/AIDS e Hepatites Virais e do Centro de Testagem e Aconselhamento (CTA), promove a Campanha Julho Amarelo de luta contra os tipos B e C.<\/strong><\/p>\n<p>Com o objetivo de orientar a popula\u00e7\u00e3o quanto \u00e0 preven\u00e7\u00e3o, incentivando o diagn\u00f3stico e o tratamento, a campanha consiste no refor\u00e7o a divulga\u00e7\u00e3o de informa\u00e7\u00f5es sobre as doen\u00e7as nos servi\u00e7os de sa\u00fade, redes sociais e meios de comunica\u00e7\u00e3o. \u201cAl\u00e9m disso, estamos com a oferta ampliada de Testes R\u00e1pidos no CTA, dias 27 e 28 de julho, das 7h \u00e0s 18h. Este teste \u00e9 gratuito e sigiloso\u201d, explica a gerente do CTA, Maria de Lurdes Munhoz.<\/p>\n<p><strong>LEIA TAMB\u00c9M<\/strong><br \/>\n<a href=\"https:\/\/jundiai.sp.gov.br\/noticias\/2017\/07\/13\/prefeitos-da-auj-devem-se-unir-para-a-formacao-de-consorcio-de-saude\/\">Prefeitos da AUJ devem se unir para a forma\u00e7\u00e3o de cons\u00f3rcio de sa\u00fade<\/a><br \/>\n<a href=\"https:\/\/jundiai.sp.gov.br\/noticias\/2017\/07\/15\/anvisa-emite-certificado-internacional-de-vacina-so-para-passageiro-com-viagem-marcada\/\">Anvisa emite Certificado Internacional de Vacina s\u00f3 para passageiro com viagem marcada<\/a><\/p>\n<p><strong>A doen\u00e7a<\/strong><br \/>\nV\u00e1rias s\u00e3o as formas de transmiss\u00e3o da doen\u00e7a, podendo ocorrer por meio de rela\u00e7\u00f5es sexuais desprotegidas; da m\u00e3e infectada para o filho; do compartilhamento de material para uso de drogas (seringas, agulhas, cachimbos) e higiene pessoal (l\u00e2minas de barbear e depilar, escovas de dente, alicates de unha ou outros objetos que furam ou cortam). A confec\u00e7\u00e3o de tatuagem e coloca\u00e7\u00e3o de piercings pede cuidados, assim como acidentes com material biol\u00f3gico (para os profissionais de sa\u00fade); e de transfus\u00e3o sangu\u00ednea realizada antes de 1993.<\/p>\n<p>\u201cVale lembrar que as hepatites B e C t\u00eam tratamento gratuito pelo SUS, sendo que o diagn\u00f3stico precoce contribui para o acesso ao acompanhamento clinico e tratamento medicamentoso\u201d, diz Maria de Lurdes. O tratamento seguido corretamente aumenta a possibilidade de cura e a melhoria na qualidade de vida dos pacientes, bem como reduz os riscos de transmiss\u00e3o involunt\u00e1ria.<\/p>\n<p>A hepatite B pode ser prevenida pela vacina\u00e7\u00e3o, disponibilizada gratuitamente pelo Sistema \u00danico de Sa\u00fade (SUS). As Unidades B\u00e1sicas de Sa\u00fade (SUS) devem ser consultadas para mais informa\u00e7\u00f5es sobre a disponibilidade da vacina. At\u00e9 o momento, n\u00e3o existe vacina dispon\u00edvel para Hepatite C.<\/p>\n<p><strong>Dados<\/strong><br \/>\nDe acordo com a Organiza\u00e7\u00e3o Mundial da Sa\u00fade (OMS), estima-se que 400 milh\u00f5es de pessoas est\u00e3o infectadas pelos v\u00edrus B e C em todo o planeta. Um n\u00famero dez maior que o de indiv\u00edduos contaminados pelo HIV.<\/p>\n<p>No Brasil, s\u00f3 para a hepatite C, a estimativa \u00e9 de que entre 1,4 milh\u00e3o a 1,7 milh\u00e3o sejam portadoras da doen\u00e7a, importante causa de cirrose e c\u00e2ncer de f\u00edgado. J\u00e1 no Estado de S\u00e3o Paulo, as notifica\u00e7\u00f5es de 2000 a 2015, somam mais de 68 mil casos de hepatite C e 39 mil de hepatite B.<\/p>\n<p>Em Jundia\u00ed, em 2015 foram confirmados 09 casos de hepatite B e 38 casos de hepatite C. Em 2016, os n\u00fameros saltaram para 19 casos para hepatite B e 73 para hepatite C. Considerando Jundia\u00ed e Regi\u00e3o, em 2016 foram acompanhados no Ambulat\u00f3rio de Mol\u00e9stias Infecciosas (AMI) 240 pacientes com hepatite B e 640 com hepatite C. Em tratamento medicamentoso, 102 pacientes de hepatite B cr\u00f4nica e 153 de hepatite C foram tratados com novas medica\u00e7\u00f5es.<\/p>\n<p><em><strong>Assessoria de Imprensa<\/strong><\/em><\/p>\n","protected":false},"excerpt":{"rendered":"<p>A Unidade de Gest\u00e3o de Promo\u00e7\u00e3o da Sa\u00fade (UGPS), por meio do Programa Municipal de IST\/AIDS e Hepatites Virais e do Centro de Testagem e Aconselhamento (CTA), promove a Campanha Julho Amarelo de luta contra os tipos B e C. Com o objetivo de orientar a popula\u00e7\u00e3o quanto \u00e0 preven\u00e7\u00e3o, incentivando o diagn\u00f3stico e o [&hellip;]<\/p>\n","protected":false},"author":30,"featured_media":0,"comment_status":"closed","ping_status":"closed","sticky":false,"template":"","format":"standard","meta":{"footnotes":""},"categories":[2],"tags":[828,981],"ods":[],"class_list":["post-201585","post","type-post","status-publish","format-standard","hentry","category-noticias","tag-centro-de-testagem-e-aconselhamento-cta","tag-promocao-da-saude"],"_links":{"self":[{"href":"https:\/\/jundiai.sp.gov.br\/noticias\/wp-json\/wp\/v2\/posts\/201585","targetHints":{"allow":["GET"]}}],"collection":[{"href":"https:\/\/jundiai.sp.gov.br\/noticias\/wp-json\/wp\/v2\/posts"}],"about":[{"href":"https:\/\/jundiai.sp.gov.br\/noticias\/wp-json\/wp\/v2\/types\/post"}],"author":[{"embeddable":true,"href":"https:\/\/jundiai.sp.gov.br\/noticias\/wp-json\/wp\/v2\/users\/30"}],"replies":[{"embeddable":true,"href":"https:\/\/jundiai.sp.gov.br\/noticias\/wp-json\/wp\/v2\/comments?post=201585"}],"version-history":[{"count":2,"href":"https:\/\/jundiai.sp.gov.br\/noticias\/wp-json\/wp\/v2\/posts\/201585\/revisions"}],"predecessor-version":[{"id":201587,"href":"https:\/\/jundiai.sp.gov.br\/noticias\/wp-json\/wp\/v2\/posts\/201585\/revisions\/201587"}],"wp:attachment":[{"href":"https:\/\/jundiai.sp.gov.br\/noticias\/wp-json\/wp\/v2\/media?parent=201585"}],"wp:term":[{"taxonomy":"category","embeddable":true,"href":"https:\/\/jundiai.sp.gov.br\/noticias\/wp-json\/wp\/v2\/categories?post=201585"},{"taxonomy":"post_tag","embeddable":true,"href":"https:\/\/jundiai.sp.gov.br\/noticias\/wp-json\/wp\/v2\/tags?post=201585"},{"taxonomy":"ods","embeddable":true,"href":"https:\/\/jundiai.sp.gov.br\/noticias\/wp-json\/wp\/v2\/ods?post=201585"}],"curies":[{"name":"wp","href":"https:\/\/api.w.org\/{rel}","templated":true}]}}