{"id":201976,"date":"2017-07-24T16:24:24","date_gmt":"2017-07-24T19:24:24","guid":{"rendered":"https:\/\/jundiai.sp.gov.br\/noticias\/?p=201976"},"modified":"2017-07-24T16:24:24","modified_gmt":"2017-07-24T19:24:24","slug":"divisao-florestal-e-modelo-para-a-criacao-do-setor-em-outros-municipios","status":"publish","type":"post","link":"https:\/\/jundiai.sp.gov.br\/noticias\/2017\/07\/24\/divisao-florestal-e-modelo-para-a-criacao-do-setor-em-outros-municipios\/","title":{"rendered":"Divis\u00e3o Florestal \u00e9 modelo para a cria\u00e7\u00e3o do setor em outros munic\u00edpios"},"content":{"rendered":"<p><div id=\"attachment_201977\" style=\"width: 410px\" class=\"wp-caption alignright\"><a href=\"https:\/\/jundiai.sp.gov.br\/noticias\/wp-content\/uploads\/sites\/32\/2017\/07\/Divtu2-1.jpg\"><img loading=\"lazy\" decoding=\"async\" aria-describedby=\"caption-attachment-201977\" src=\"https:\/\/jundiai.sp.gov.br\/noticias\/wp-content\/uploads\/sites\/32\/2017\/07\/Divtu2-1.jpg\" alt=\"\" width=\"400\" height=\"350\" class=\"size-full wp-image-201977\" \/><\/a><p id=\"caption-attachment-201977\" class=\"wp-caption-text\">Visita ao Posto Avan\u00e7ado possibilitou ao grupo conhecer a pr\u00e1tica na rotina di\u00e1ria dos patrulheiros<br \/><\/p><\/div><strong>A Divis\u00e3o Florestal \u00e9 um dos setores mais atuantes e diversificados da <a href=\"https:\/\/jundiai.sp.gov.br\/casa-civil\/orgaos-vinculados\/guarda-municipal\/\">Guarda Municipal de Jundia\u00ed (GMJ)<\/a>. Foi criada com o objetivo de promover a conscientiza\u00e7\u00e3o mais ampla sobre a necessidade de se preservar o meio ambiente, em especial a Serra do Japi. Coordenada pelo inspetor Paulo Vicente Soares, a equipe formada atualmente por 30 patrulheiros ecol\u00f3gicos tem uma rotina di\u00e1ria ampla, pontual e efetiva ao que se prop\u00f5e, com o policiamento ostensivo junto \u00e0s \u00e1reas vulner\u00e1veis no que se refere \u00e0s queimadas, e tamb\u00e9m em decorr\u00eancia da queda de um bal\u00e3o.<\/strong><\/p>\n<p>Recentemente a Divis\u00e3o Florestal recebeu a visita de representantes da Prefeitura da Est\u00e2ncia Tur\u00edstica de Itu, interessados em conhecer os procedimentos para a futura instala\u00e7\u00e3o do setor naquele munic\u00edpio: Raul Yglesias, chefe de gabinete da Secretaria Municipal de Seguran\u00e7a, Tr\u00e2nsito e Transportes; o subinspetor Clemente Bortoleto Filho, comandante da Guarda Civil Municipal de Itu; os GCMs 1\u00aa Classe Maria do Carmo Carlos Pacheco, coordenadora de Ensino, 1\u00aa Classe Alberto Rodrigues Moreira, encarregado de Atividades Educacionais, e 2\u00aa Classe Reinaldo Aparecido Rodrigues Almendro.<\/p>\n<p><strong>LEIA TAMB\u00c9M<\/strong><br \/>\n<a href=\"https:\/\/jundiai.sp.gov.br\/noticias\/2017\/07\/20\/ggim-e-gmj-ampliam-participacao-no-conseg-barao-de-jundiahy\/\">GGIM e GMJ ampliam participa\u00e7\u00e3o no Conseg Bar\u00e3o de Jundiahy<\/a><\/p>\n<p>Durante o encontro, o inspetor Soares \u2013 acompanhado pelo diretor do N\u00facleo de Intelig\u00eancia em Assuntos de Seguran\u00e7a Municipal, Di\u00f3genes Torqueto Salas J\u00fanior \u2013 explanou sobre os procedimentos relacionados ao setor, incluindo uma visita ao Posto Avan\u00e7ado (PA 11), instalado no Parque Residencial Eloy Chaves, para se conhecer in loco a rotina di\u00e1ria dos patrulheiros.<\/p>\n<p><div id=\"attachment_201979\" style=\"width: 410px\" class=\"wp-caption alignleft\"><a href=\"https:\/\/jundiai.sp.gov.br\/noticias\/wp-content\/uploads\/sites\/32\/2017\/07\/Divtu-1.jpg\"><img loading=\"lazy\" decoding=\"async\" aria-describedby=\"caption-attachment-201979\" src=\"https:\/\/jundiai.sp.gov.br\/noticias\/wp-content\/uploads\/sites\/32\/2017\/07\/Divtu-1.jpg\" alt=\"\" width=\"400\" height=\"350\" class=\"size-full wp-image-201979\" \/><\/a><p id=\"caption-attachment-201979\" class=\"wp-caption-text\">Diretor do N\u00facleo de Intelig\u00eancia apresentou os crit\u00e9rios para a cria\u00e7\u00e3o do setor especializado<br \/><\/p><\/div>\u201cO motivo dessa visita \u00e0s instala\u00e7\u00f5es da Guarda Municipal de Jundia\u00ed teve por finalidade a busca de informa\u00e7\u00f5es com rela\u00e7\u00e3o \u00e0 Divis\u00e3o Florestal, uma vez que a Prefeitura de Itu \u2013 por meio da Secretaria Municipal de Seguran\u00e7a \u2013 tem interesse na implanta\u00e7\u00e3o desta unidade, o munic\u00edpio possui uma vasta extens\u00e3o rural e ambiental que merecem ser criteriosamente fiscalizadas. O trabalho realizado em Jundia\u00ed \u00e9 refer\u00eancia para que possamos nos orientar e garantir a preserva\u00e7\u00e3o do meio ambiente a partir da conscientiza\u00e7\u00e3o de toda popula\u00e7\u00e3o\u201d, declarou Raul.<\/p>\n<p>Cabe ressaltar que intensificar a fiscaliza\u00e7\u00e3o na Serra do Japi, a partir do trabalho integrado com os demais \u00f3rg\u00e3os de seguran\u00e7a, promover a\u00e7\u00f5es educativas e de viv\u00eancia ambiental \u2013 com as crian\u00e7as estudando de perto a reserva ecol\u00f3gica \u2013 , \u00e9 o compromisso firmado pelo atual governo para garantir a sustentabilidade e melhor qualidade de vida para a popula\u00e7\u00e3o jundiaiense.<\/p>\n<p><em><strong>Assessoria de Imprensa GMJ<br \/>\nFotos: GM Guerino<\/strong><\/em><\/p>\n","protected":false},"excerpt":{"rendered":"<p>A Divis\u00e3o Florestal \u00e9 um dos setores mais atuantes e diversificados da Guarda Municipal de Jundia\u00ed (GMJ). Foi criada com o objetivo de promover a conscientiza\u00e7\u00e3o mais ampla sobre a necessidade de se preservar o meio ambiente, em especial a Serra do Japi. Coordenada pelo inspetor Paulo Vicente Soares, a equipe formada atualmente por 30 [&hellip;]<\/p>\n","protected":false},"author":30,"featured_media":0,"comment_status":"closed","ping_status":"closed","sticky":false,"template":"","format":"standard","meta":{"footnotes":""},"categories":[2],"tags":[80,31],"ods":[],"class_list":["post-201976","post","type-post","status-publish","format-standard","hentry","category-noticias","tag-divisao-florestal","tag-guarda-municipal"],"_links":{"self":[{"href":"https:\/\/jundiai.sp.gov.br\/noticias\/wp-json\/wp\/v2\/posts\/201976","targetHints":{"allow":["GET"]}}],"collection":[{"href":"https:\/\/jundiai.sp.gov.br\/noticias\/wp-json\/wp\/v2\/posts"}],"about":[{"href":"https:\/\/jundiai.sp.gov.br\/noticias\/wp-json\/wp\/v2\/types\/post"}],"author":[{"embeddable":true,"href":"https:\/\/jundiai.sp.gov.br\/noticias\/wp-json\/wp\/v2\/users\/30"}],"replies":[{"embeddable":true,"href":"https:\/\/jundiai.sp.gov.br\/noticias\/wp-json\/wp\/v2\/comments?post=201976"}],"version-history":[{"count":4,"href":"https:\/\/jundiai.sp.gov.br\/noticias\/wp-json\/wp\/v2\/posts\/201976\/revisions"}],"predecessor-version":[{"id":201982,"href":"https:\/\/jundiai.sp.gov.br\/noticias\/wp-json\/wp\/v2\/posts\/201976\/revisions\/201982"}],"wp:attachment":[{"href":"https:\/\/jundiai.sp.gov.br\/noticias\/wp-json\/wp\/v2\/media?parent=201976"}],"wp:term":[{"taxonomy":"category","embeddable":true,"href":"https:\/\/jundiai.sp.gov.br\/noticias\/wp-json\/wp\/v2\/categories?post=201976"},{"taxonomy":"post_tag","embeddable":true,"href":"https:\/\/jundiai.sp.gov.br\/noticias\/wp-json\/wp\/v2\/tags?post=201976"},{"taxonomy":"ods","embeddable":true,"href":"https:\/\/jundiai.sp.gov.br\/noticias\/wp-json\/wp\/v2\/ods?post=201976"}],"curies":[{"name":"wp","href":"https:\/\/api.w.org\/{rel}","templated":true}]}}