{"id":201992,"date":"2017-07-24T16:38:14","date_gmt":"2017-07-24T19:38:14","guid":{"rendered":"https:\/\/jundiai.sp.gov.br\/noticias\/?p=201992"},"modified":"2019-10-03T10:46:37","modified_gmt":"2019-10-03T13:46:37","slug":"jundiai-recebe-reuniao-para-implantacao-do-crianca-feliz-nesta-quarta-feira-26","status":"publish","type":"post","link":"https:\/\/jundiai.sp.gov.br\/noticias\/2017\/07\/24\/jundiai-recebe-reuniao-para-implantacao-do-crianca-feliz-nesta-quarta-feira-26\/","title":{"rendered":"Jundia\u00ed recebe reuni\u00e3o para implanta\u00e7\u00e3o do \u2018Crian\u00e7a Feliz\u2019 nesta quarta-feira (26)"},"content":{"rendered":"<p><strong>A Diretoria de Assist\u00eancia e Desenvolvimento Social de Campinas, pertencente \u00e0 Secretaria Estadual de Desenvolvimento Social, promove, nesta quarta-feira (26), um encontro para fornecer informa\u00e7\u00f5es ao Munic\u00edpio e promover a troca de experi\u00eancias sobre o programa federal Crian\u00e7a Feliz, cuja implanta\u00e7\u00e3o est\u00e1 integrada ao programa S\u00e3o Paulo pela Primeir\u00edssima Inf\u00e2ncia, h\u00e1 seis anos j\u00e1 em vig\u00eancia.<\/strong><\/p>\n<p><strong>LEIA TAMB\u00c9M<\/strong><br \/>\n<a href=\"https:\/\/jundiai.sp.gov.br\/noticias\/2017\/07\/19\/criancas-e-jovens-dos-cras-conhecem-a-biblioteca-municipal\/\">Crian\u00e7as e jovens dos CRAS conhecem a Biblioteca Municipal<\/a><\/p>\n<p>Marcada para \u00e0s 9h, a reuni\u00e3o ser\u00e1 feita na sala Elis Regina, do Complexo Argos, que fica na avenida Doutor Cavalcanti, n\u00ba 396, Centro, e deve tratar das facilidades, dificuldades, estrat\u00e9gias, d\u00favidas, informa\u00e7\u00f5es quanto \u00e0 implanta\u00e7\u00e3o do Crian\u00e7a Feliz, previamente \u00e0 capacita\u00e7\u00e3o dos supervisores.<\/p>\n<p>Em Jundia\u00ed, a coordena\u00e7\u00e3o do Crian\u00e7a Feliz e articula\u00e7\u00e3o do Primeir\u00edssima Inf\u00e2ncia est\u00e3o sob a responsabilidade da Unidade de Gest\u00e3o de Assist\u00eancia e Desenvolvimento Social (UGADS), num trabalho intersetorial com o Fundo Social de Solidariedade (Funss) e as Unidades de Educa\u00e7\u00e3o e Sa\u00fade.<\/p>\n<p><em><strong>Assessoria de Imprensa<\/strong><\/em><\/p>\n","protected":false},"excerpt":{"rendered":"<p>A Diretoria de Assist\u00eancia e Desenvolvimento Social de Campinas, pertencente \u00e0 Secretaria Estadual de Desenvolvimento Social, promove, nesta quarta-feira (26), um encontro para fornecer informa\u00e7\u00f5es ao Munic\u00edpio e promover a troca de experi\u00eancias sobre o programa federal Crian\u00e7a Feliz, cuja implanta\u00e7\u00e3o est\u00e1 integrada ao programa S\u00e3o Paulo pela Primeir\u00edssima Inf\u00e2ncia, h\u00e1 seis anos j\u00e1 em [&hellip;]<\/p>\n","protected":false},"author":30,"featured_media":0,"comment_status":"closed","ping_status":"closed","sticky":false,"template":"","format":"standard","meta":{"footnotes":""},"categories":[2],"tags":[980,419,1287,416],"ods":[],"class_list":["post-201992","post","type-post","status-publish","format-standard","hentry","category-noticias","tag-assistencia-e-desenvolvimento-social","tag-complexo-argos","tag-crianca-feliz","tag-fundo-social-de-solidariedade-funss"],"_links":{"self":[{"href":"https:\/\/jundiai.sp.gov.br\/noticias\/wp-json\/wp\/v2\/posts\/201992","targetHints":{"allow":["GET"]}}],"collection":[{"href":"https:\/\/jundiai.sp.gov.br\/noticias\/wp-json\/wp\/v2\/posts"}],"about":[{"href":"https:\/\/jundiai.sp.gov.br\/noticias\/wp-json\/wp\/v2\/types\/post"}],"author":[{"embeddable":true,"href":"https:\/\/jundiai.sp.gov.br\/noticias\/wp-json\/wp\/v2\/users\/30"}],"replies":[{"embeddable":true,"href":"https:\/\/jundiai.sp.gov.br\/noticias\/wp-json\/wp\/v2\/comments?post=201992"}],"version-history":[{"count":3,"href":"https:\/\/jundiai.sp.gov.br\/noticias\/wp-json\/wp\/v2\/posts\/201992\/revisions"}],"predecessor-version":[{"id":202020,"href":"https:\/\/jundiai.sp.gov.br\/noticias\/wp-json\/wp\/v2\/posts\/201992\/revisions\/202020"}],"wp:attachment":[{"href":"https:\/\/jundiai.sp.gov.br\/noticias\/wp-json\/wp\/v2\/media?parent=201992"}],"wp:term":[{"taxonomy":"category","embeddable":true,"href":"https:\/\/jundiai.sp.gov.br\/noticias\/wp-json\/wp\/v2\/categories?post=201992"},{"taxonomy":"post_tag","embeddable":true,"href":"https:\/\/jundiai.sp.gov.br\/noticias\/wp-json\/wp\/v2\/tags?post=201992"},{"taxonomy":"ods","embeddable":true,"href":"https:\/\/jundiai.sp.gov.br\/noticias\/wp-json\/wp\/v2\/ods?post=201992"}],"curies":[{"name":"wp","href":"https:\/\/api.w.org\/{rel}","templated":true}]}}