{"id":202047,"date":"2017-07-25T15:24:10","date_gmt":"2017-07-25T18:24:10","guid":{"rendered":"https:\/\/jundiai.sp.gov.br\/noticias\/?p=202047"},"modified":"2017-07-25T15:24:10","modified_gmt":"2017-07-25T18:24:10","slug":"curso-tecnico-em-comercio-do-instituto-federal-esta-com-inscricoes-abertas","status":"publish","type":"post","link":"https:\/\/jundiai.sp.gov.br\/noticias\/2017\/07\/25\/curso-tecnico-em-comercio-do-instituto-federal-esta-com-inscricoes-abertas\/","title":{"rendered":"Curso t\u00e9cnico em Com\u00e9rcio do Instituto Federal est\u00e1 com inscri\u00e7\u00f5es abertas"},"content":{"rendered":"<p><strong>O Instituto Federal, Campus Avan\u00e7ado Jundia\u00ed, informa a abertura de Processo Seletivo Simplificado para preenchimento das vagas remanescentes do processo seletivo do 2\u00ba semestre de 2017 para o Curso T\u00e9cnico em Com\u00e9rcio. As aulas ser\u00e3o ministradas no pr\u00f3prio Campus, na modalidade concomitante\/subsequente, presencial e gratuito.<\/strong><\/p>\n<p>As matr\u00edculas est\u00e3o abertas de 26 a 28 de julho, das 8h \u00e0s 20h, no Instituto Federal Campus Jundia\u00ed, localizado na avenida Dr. Cavalcanti, 396, dentro do Complexo Argos, na Vila Arens.<\/p>\n<p>Para acessar o edital completo, com todas as regras do processo, acesse o <a href=\"http:\/\/jnd.ifsp.edu.br\/\" target=\"_blank\">site do Instituto Federal Campus Jundia\u00ed<\/a>.<\/p>\n<p><em><strong>Texto: Instituto Federal<\/strong><\/em><\/p>\n","protected":false},"excerpt":{"rendered":"<p>O Instituto Federal, Campus Avan\u00e7ado Jundia\u00ed, informa a abertura de Processo Seletivo Simplificado para preenchimento das vagas remanescentes do processo seletivo do 2\u00ba semestre de 2017 para o Curso T\u00e9cnico em Com\u00e9rcio. As aulas ser\u00e3o ministradas no pr\u00f3prio Campus, na modalidade concomitante\/subsequente, presencial e gratuito. As matr\u00edculas est\u00e3o abertas de 26 a 28 de julho, [&hellip;]<\/p>\n","protected":false},"author":30,"featured_media":0,"comment_status":"closed","ping_status":"closed","sticky":false,"template":"","format":"standard","meta":{"footnotes":""},"categories":[2],"tags":[354],"ods":[],"class_list":["post-202047","post","type-post","status-publish","format-standard","hentry","category-noticias","tag-instituto-federal"],"_links":{"self":[{"href":"https:\/\/jundiai.sp.gov.br\/noticias\/wp-json\/wp\/v2\/posts\/202047","targetHints":{"allow":["GET"]}}],"collection":[{"href":"https:\/\/jundiai.sp.gov.br\/noticias\/wp-json\/wp\/v2\/posts"}],"about":[{"href":"https:\/\/jundiai.sp.gov.br\/noticias\/wp-json\/wp\/v2\/types\/post"}],"author":[{"embeddable":true,"href":"https:\/\/jundiai.sp.gov.br\/noticias\/wp-json\/wp\/v2\/users\/30"}],"replies":[{"embeddable":true,"href":"https:\/\/jundiai.sp.gov.br\/noticias\/wp-json\/wp\/v2\/comments?post=202047"}],"version-history":[{"count":1,"href":"https:\/\/jundiai.sp.gov.br\/noticias\/wp-json\/wp\/v2\/posts\/202047\/revisions"}],"predecessor-version":[{"id":202048,"href":"https:\/\/jundiai.sp.gov.br\/noticias\/wp-json\/wp\/v2\/posts\/202047\/revisions\/202048"}],"wp:attachment":[{"href":"https:\/\/jundiai.sp.gov.br\/noticias\/wp-json\/wp\/v2\/media?parent=202047"}],"wp:term":[{"taxonomy":"category","embeddable":true,"href":"https:\/\/jundiai.sp.gov.br\/noticias\/wp-json\/wp\/v2\/categories?post=202047"},{"taxonomy":"post_tag","embeddable":true,"href":"https:\/\/jundiai.sp.gov.br\/noticias\/wp-json\/wp\/v2\/tags?post=202047"},{"taxonomy":"ods","embeddable":true,"href":"https:\/\/jundiai.sp.gov.br\/noticias\/wp-json\/wp\/v2\/ods?post=202047"}],"curies":[{"name":"wp","href":"https:\/\/api.w.org\/{rel}","templated":true}]}}