{"id":202102,"date":"2017-07-25T18:17:18","date_gmt":"2017-07-25T21:17:18","guid":{"rendered":"https:\/\/jundiai.sp.gov.br\/noticias\/?p=202102"},"modified":"2017-08-11T11:45:50","modified_gmt":"2017-08-11T14:45:50","slug":"semana-do-agricultor-criancas-visitam-propriedade-rural-no-jundiai-mirim","status":"publish","type":"post","link":"https:\/\/jundiai.sp.gov.br\/noticias\/2017\/07\/25\/semana-do-agricultor-criancas-visitam-propriedade-rural-no-jundiai-mirim\/","title":{"rendered":"Semana do Agricultor: crian\u00e7as visitam propriedade rural no Jundia\u00ed Mirim"},"content":{"rendered":"<p><strong>Vinte crian\u00e7as entre 3 e 6 anos, estudantes da escola Tato Ecol\u00e9gio, do bairro Medeiros, participaram de uma atividade interativa na tarde desta ter\u00e7a-feira (25), no s\u00edtio da fam\u00edlia Bardi, no Jundia\u00ed Mirim, como parte das comemora\u00e7\u00f5es da <a href=\"https:\/\/jundiai.sp.gov.br\/noticias\/2017\/07\/19\/semana-do-agricultor-destaca-importancia-do-agronegocio-para-jundiai\/\">Semana do Agricultor Jundiaiense<\/a>. A iniciativa teve como objetivo mostrar para os pequenos a import\u00e2ncia do agroneg\u00f3cio e como ele est\u00e1 presente no dia a dia.<\/strong><\/p>\n<p><a href=\"https:\/\/jundiai.sp.gov.br\/noticias\/2017\/07\/19\/programacao-semana-do-agricultor-jundiaiense\/\">VEJA A PROGRAMA\u00c7\u00c3O DA SEMANA DO AGRICULTOR JUNDIAIENSE<\/a><\/p>\n<p>Entre os mais animados estavam os amigos Lucas Roque e Arthur Xavier, ambos de 5 anos. Com olhares atentos, eles n\u00e3o perderam um minuto sequer das explica\u00e7\u00f5es dadas sobre as frutas produzidas na propriedade. \u201cEu gosto muito de frutas\u201d, contou Arthur enquanto saboreava uma uva produzida no local.<\/p>\n<p><strong>LEIA TAMB\u00c9M<\/strong><br \/>\n<a href=\"https:\/\/jundiai.sp.gov.br\/noticias\/2017\/07\/25\/prefeitura-disponibiliza-linha-especial-para-evento-da-semana-do-agricultor\/\">Prefeitura disponibiliza linha especial para evento da Semana do Agricultor<\/a><\/p>\n<div id=\"attachment_202105\" style=\"width: 1290px\" class=\"wp-caption alignleft\"><a href=\"https:\/\/jundiai.sp.gov.br\/noticias\/wp-content\/uploads\/sites\/32\/2017\/07\/Visita_escola_semana_do_agricultor-2.jpg\"><img loading=\"lazy\" decoding=\"async\" aria-describedby=\"caption-attachment-202105\" class=\"size-full wp-image-202105\" src=\"https:\/\/jundiai.sp.gov.br\/noticias\/wp-content\/uploads\/sites\/32\/2017\/07\/Visita_escola_semana_do_agricultor-2.jpg\" alt=\"\" width=\"1280\" height=\"853\" srcset=\"https:\/\/jundiai.sp.gov.br\/noticias\/wp-content\/uploads\/sites\/32\/2017\/07\/Visita_escola_semana_do_agricultor-2.jpg 1280w, https:\/\/jundiai.sp.gov.br\/noticias\/wp-content\/uploads\/sites\/32\/2017\/07\/Visita_escola_semana_do_agricultor-2-300x200.jpg 300w, https:\/\/jundiai.sp.gov.br\/noticias\/wp-content\/uploads\/sites\/32\/2017\/07\/Visita_escola_semana_do_agricultor-2-768x512.jpg 768w, https:\/\/jundiai.sp.gov.br\/noticias\/wp-content\/uploads\/sites\/32\/2017\/07\/Visita_escola_semana_do_agricultor-2-1160x773.jpg 1160w\" sizes=\"auto, (max-width: 1280px) 100vw, 1280px\" \/><\/a><p id=\"caption-attachment-202105\" class=\"wp-caption-text\">Os estudantes fizeram um passeio pela propriedade para conhecer as planta\u00e7\u00f5es<\/p><\/div>\n<p>Para a diretora da escola, Patr\u00edcia Armagne, atividades como essas s\u00e3o muito importantes para que as crian\u00e7as entendam o ciclo de produ\u00e7\u00e3o das frutas que elas consomem diariamente. \u201cAcho muito v\u00e1lido. \u00c9 muito positivo que eles entendam o desenvolvimento das plantas e de todo o meio ambiente\u201d, comentou.<\/p>\n<p>Quem tamb\u00e9m ficou feliz em receber o grupo foi o agricultor Jo\u00e3o Bardi, dono da propriedade onde s\u00e3o produzidas uvas, caquis e ameixas. \u201cEsse tipo de a\u00e7\u00e3o \u00e9 fundamental sob v\u00e1rios aspectos. \u00c9 muito v\u00e1lido que as crian\u00e7as tenham contato logo cedo com a terra e entendam a import\u00e2ncia do agroneg\u00f3cio\u201d, destacou.<\/p>\n<p>No final da atividade, os participantes saborearam v\u00e1rias frutas e experimentaram um suco de uva produzido na propriedade diretamente da fruta. Al\u00e9m disso, receberam orienta\u00e7\u00f5es sobre como \u00e9 processo de plantio de algumas mudas.<\/p>\n<p><em><strong>Assessoria de Imprensa<br \/>\nFoto: Fot\u00f3grafos PMJ<\/strong><\/em><\/p>\n","protected":false},"excerpt":{"rendered":"<p>Atividades tiveram como objetivo destacar a import\u00e2ncia da agricultura. Programa\u00e7\u00e3o vai at\u00e9 o dia 28, quando se comemora o Dia do Agricultor<\/p>\n","protected":false},"author":30,"featured_media":202111,"comment_status":"closed","ping_status":"closed","sticky":false,"template":"","format":"standard","meta":{"footnotes":""},"categories":[2],"tags":[974],"ods":[],"class_list":["post-202102","post","type-post","status-publish","format-standard","has-post-thumbnail","hentry","category-noticias","tag-agronegocio-abastecimento-e-turismo"],"_links":{"self":[{"href":"https:\/\/jundiai.sp.gov.br\/noticias\/wp-json\/wp\/v2\/posts\/202102","targetHints":{"allow":["GET"]}}],"collection":[{"href":"https:\/\/jundiai.sp.gov.br\/noticias\/wp-json\/wp\/v2\/posts"}],"about":[{"href":"https:\/\/jundiai.sp.gov.br\/noticias\/wp-json\/wp\/v2\/types\/post"}],"author":[{"embeddable":true,"href":"https:\/\/jundiai.sp.gov.br\/noticias\/wp-json\/wp\/v2\/users\/30"}],"replies":[{"embeddable":true,"href":"https:\/\/jundiai.sp.gov.br\/noticias\/wp-json\/wp\/v2\/comments?post=202102"}],"version-history":[{"count":8,"href":"https:\/\/jundiai.sp.gov.br\/noticias\/wp-json\/wp\/v2\/posts\/202102\/revisions"}],"predecessor-version":[{"id":202112,"href":"https:\/\/jundiai.sp.gov.br\/noticias\/wp-json\/wp\/v2\/posts\/202102\/revisions\/202112"}],"wp:featuredmedia":[{"embeddable":true,"href":"https:\/\/jundiai.sp.gov.br\/noticias\/wp-json\/wp\/v2\/media\/202111"}],"wp:attachment":[{"href":"https:\/\/jundiai.sp.gov.br\/noticias\/wp-json\/wp\/v2\/media?parent=202102"}],"wp:term":[{"taxonomy":"category","embeddable":true,"href":"https:\/\/jundiai.sp.gov.br\/noticias\/wp-json\/wp\/v2\/categories?post=202102"},{"taxonomy":"post_tag","embeddable":true,"href":"https:\/\/jundiai.sp.gov.br\/noticias\/wp-json\/wp\/v2\/tags?post=202102"},{"taxonomy":"ods","embeddable":true,"href":"https:\/\/jundiai.sp.gov.br\/noticias\/wp-json\/wp\/v2\/ods?post=202102"}],"curies":[{"name":"wp","href":"https:\/\/api.w.org\/{rel}","templated":true}]}}