{"id":202221,"date":"2017-07-27T12:13:13","date_gmt":"2017-07-27T15:13:13","guid":{"rendered":"https:\/\/jundiai.sp.gov.br\/noticias\/?p=202221"},"modified":"2017-08-11T11:47:05","modified_gmt":"2017-08-11T14:47:05","slug":"parceria-permite-a-revitalizacao-do-caps-infantil","status":"publish","type":"post","link":"https:\/\/jundiai.sp.gov.br\/noticias\/2017\/07\/27\/parceria-permite-a-revitalizacao-do-caps-infantil\/","title":{"rendered":"Parceria permite a revitaliza\u00e7\u00e3o do CAPS Infantil"},"content":{"rendered":"<p><div id=\"attachment_202227\" style=\"width: 410px\" class=\"wp-caption alignright\"><a href=\"https:\/\/jundiai.sp.gov.br\/noticias\/wp-content\/uploads\/sites\/32\/2017\/07\/Fachada-Caps-Infantil-9.jpg\"><img loading=\"lazy\" decoding=\"async\" aria-describedby=\"caption-attachment-202227\" src=\"https:\/\/jundiai.sp.gov.br\/noticias\/wp-content\/uploads\/sites\/32\/2017\/07\/Fachada-Caps-Infantil-9.jpg\" alt=\"\" width=\"400\" height=\"350\" class=\"size-full wp-image-202227\" \/><\/a><p id=\"caption-attachment-202227\" class=\"wp-caption-text\">CAPS Infanto Juvenil ser\u00e1 beneficiado pela a\u00e7\u00e3o<br \/><\/p><\/div><strong>A Igreja de Jesus Cristo dos Santos dos \u00daltimos Dias em parceria com a Unidade de Gest\u00e3o de Promo\u00e7\u00e3o da Sa\u00fade (UGPS) vai promover no dia 5 de agosto, das 8h30 \u00e0s 16h30, o programa \u201cM\u00e3os que Ajudam a Servi\u00e7o da Sa\u00fade\u201d. Em Jundia\u00ed, as melhorias devem beneficiar o Centro de Aten\u00e7\u00e3o Psicossocial Infantojuvenil(CAPSIJ).<\/strong><\/p>\n<p>Durante a a\u00e7\u00e3o o equipamento p\u00fablico vai receber manuten\u00e7\u00e3o el\u00e9trica, jardinagem, limpeza de calha, limpeza de fachada, pequenas pinturas e adesivamento. O trabalho ser\u00e1 desenvolvido por cerca de 100 volunt\u00e1rios, mas deve envolver usu\u00e1rios do servi\u00e7o, funcion\u00e1rios e familiares. \u201cEsta \u00e9 uma iniciativa que vai nos trazer um impacto positivo, n\u00e3o apenas por trazer qualidade ao atendimento, mas por permitir a integra\u00e7\u00e3o de toda a comunidade\u201d, afirma a gerente do CAPSIJ, Janaina de Carvalho Sant\u2019Anna Ermani.<\/p>\n<p><strong>LEIA TAMB\u00c9M<\/strong><br \/>\n<a href=\"https:\/\/jundiai.sp.gov.br\/noticias\/2017\/07\/26\/cerest-ressalta-cuidados-neste-dia-de-prevencao-de-acidentes\/\">Cerest ressalta cuidados neste Dia de Preven\u00e7\u00e3o de Acidentes<\/a><br \/>\n<a href=\"https:\/\/jundiai.sp.gov.br\/noticias\/2017\/07\/24\/saude-intensifica-vacinacao-contra-hpv-meningite-c-e-hepatite-b\/\">Sa\u00fade intensifica vacina\u00e7\u00e3o contra HPV, Meningite C e Hepatite B<\/a><\/p>\n<p>A escolha do CAPSI foi uma indica\u00e7\u00e3o da UGPS que, junto com o Conselho Gestor, j\u00e1 havia detectado a necessidade de alguns pequenos reparos. \u201cPor isso ficamos t\u00e3o felizes com esta not\u00edcia, esperando que sirva de exemplo para outras institui\u00e7\u00f5es\u201d, ressalta Janaina.<\/p>\n<p>Este \u00e9 um dos objetivos do evento que neste dia 5 de agosto deve acontecer, simultaneamente, em outros 180 munic\u00edpios do Brasil, envolvendo 130 mil volunt\u00e1rios. A data foi escolhida por ser oficialmente o Dia Nacional da Sa\u00fade. \u201cDe modo geral, as a\u00e7\u00f5es visam servir a comunidade e n\u00e3o deixar apenas a responsabilidade para o poder p\u00fablico\u201d, explica o rela\u00e7\u00f5es p\u00fablicas da igreja, Nei Garcia.<\/p>\n<p>Outras benfeitorias est\u00e3o previstas para Jundia\u00ed. Desta vez, para o <a href=\"https:\/\/www.facebook.com\/fundosocialsolidariedadedejundiai\/\" target=\"_blank\">Fundo Social de Solidariedade (Funss)<\/a>. Por meio do Programa de Ajuda Humanit\u00e1ria, a Igreja de Jesus Cristo dos Santos dos \u00daltimos Dias deve contribuir com os cursos.<br \/>\n<em><br \/>\n<strong>Assessoria de Imprensa<br \/>\nFoto: Fot\u00f3grafos PMJ<\/strong><\/em><\/p>\n","protected":false},"excerpt":{"rendered":"<p>O equipamento p\u00fablico vai receber manuten\u00e7\u00e3o el\u00e9trica, jardinagem, limpeza de calha, limpeza de fachada, pequenas pinturas e adesivamento<\/p>\n","protected":false},"author":30,"featured_media":202222,"comment_status":"closed","ping_status":"closed","sticky":false,"template":"","format":"standard","meta":{"footnotes":""},"categories":[2],"tags":[543,416,981],"ods":[],"class_list":["post-202221","post","type-post","status-publish","format-standard","has-post-thumbnail","hentry","category-noticias","tag-caps-infantil-e-adulto","tag-fundo-social-de-solidariedade-funss","tag-promocao-da-saude"],"_links":{"self":[{"href":"https:\/\/jundiai.sp.gov.br\/noticias\/wp-json\/wp\/v2\/posts\/202221","targetHints":{"allow":["GET"]}}],"collection":[{"href":"https:\/\/jundiai.sp.gov.br\/noticias\/wp-json\/wp\/v2\/posts"}],"about":[{"href":"https:\/\/jundiai.sp.gov.br\/noticias\/wp-json\/wp\/v2\/types\/post"}],"author":[{"embeddable":true,"href":"https:\/\/jundiai.sp.gov.br\/noticias\/wp-json\/wp\/v2\/users\/30"}],"replies":[{"embeddable":true,"href":"https:\/\/jundiai.sp.gov.br\/noticias\/wp-json\/wp\/v2\/comments?post=202221"}],"version-history":[{"count":6,"href":"https:\/\/jundiai.sp.gov.br\/noticias\/wp-json\/wp\/v2\/posts\/202221\/revisions"}],"predecessor-version":[{"id":202229,"href":"https:\/\/jundiai.sp.gov.br\/noticias\/wp-json\/wp\/v2\/posts\/202221\/revisions\/202229"}],"wp:featuredmedia":[{"embeddable":true,"href":"https:\/\/jundiai.sp.gov.br\/noticias\/wp-json\/wp\/v2\/media\/202222"}],"wp:attachment":[{"href":"https:\/\/jundiai.sp.gov.br\/noticias\/wp-json\/wp\/v2\/media?parent=202221"}],"wp:term":[{"taxonomy":"category","embeddable":true,"href":"https:\/\/jundiai.sp.gov.br\/noticias\/wp-json\/wp\/v2\/categories?post=202221"},{"taxonomy":"post_tag","embeddable":true,"href":"https:\/\/jundiai.sp.gov.br\/noticias\/wp-json\/wp\/v2\/tags?post=202221"},{"taxonomy":"ods","embeddable":true,"href":"https:\/\/jundiai.sp.gov.br\/noticias\/wp-json\/wp\/v2\/ods?post=202221"}],"curies":[{"name":"wp","href":"https:\/\/api.w.org\/{rel}","templated":true}]}}