{"id":202310,"date":"2017-07-27T17:37:19","date_gmt":"2017-07-27T20:37:19","guid":{"rendered":"https:\/\/jundiai.sp.gov.br\/noticias\/?p=202310"},"modified":"2017-07-27T17:39:21","modified_gmt":"2017-07-27T20:39:21","slug":"campanha-contra-descarte-irregular-chega-ao-vetor-norte","status":"publish","type":"post","link":"https:\/\/jundiai.sp.gov.br\/noticias\/2017\/07\/27\/campanha-contra-descarte-irregular-chega-ao-vetor-norte\/","title":{"rendered":"Campanha contra descarte irregular chega ao vetor Norte"},"content":{"rendered":"<p><strong>A campanha \u201cJundia\u00ed, quem curte trata bem!\u201d de orienta\u00e7\u00e3o quanto ao descarte correto de lixo e de entulho prossegue neste final de semana (29 e 30). Desta vez ser\u00e3o os bairros do vetor Norte que receber\u00e3o o carro de som. A Unidade de Gest\u00e3o de Infraestrutura e Servi\u00e7os P\u00fablicos (UGISP) objetiva com a a\u00e7\u00e3o, aliada \u00e0s fiscaliza\u00e7\u00f5es, conscientizar a popula\u00e7\u00e3o sobre o crime ambiental.<\/strong><\/p>\n<p><strong>LEIA TAMB\u00c9M<\/strong><br \/>\n<a href=\"https:\/\/jundiai.sp.gov.br\/noticias\/2017\/07\/26\/ugisp-realiza-limpeza-de-calhas-pluviais-na-avenida-dos-ferroviarios\/\">UGISP realiza limpeza de calhas pluviais na Avenida dos Ferrovi\u00e1rios<\/a><\/p>\n<div id=\"attachment_202311\" style=\"width: 1250px\" class=\"wp-caption alignright\"><a href=\"https:\/\/jundiai.sp.gov.br\/noticias\/wp-content\/uploads\/sites\/32\/2017\/07\/Acao-Servicos-Publicos-no-Jd-Fepasa_c_62.jpg\"><img loading=\"lazy\" decoding=\"async\" aria-describedby=\"caption-attachment-202311\" class=\"size-full wp-image-202311\" src=\"https:\/\/jundiai.sp.gov.br\/noticias\/wp-content\/uploads\/sites\/32\/2017\/07\/Acao-Servicos-Publicos-no-Jd-Fepasa_c_62.jpg\" alt=\"\" width=\"1240\" height=\"827\" srcset=\"https:\/\/jundiai.sp.gov.br\/noticias\/wp-content\/uploads\/sites\/32\/2017\/07\/Acao-Servicos-Publicos-no-Jd-Fepasa_c_62.jpg 1240w, https:\/\/jundiai.sp.gov.br\/noticias\/wp-content\/uploads\/sites\/32\/2017\/07\/Acao-Servicos-Publicos-no-Jd-Fepasa_c_62-300x200.jpg 300w, https:\/\/jundiai.sp.gov.br\/noticias\/wp-content\/uploads\/sites\/32\/2017\/07\/Acao-Servicos-Publicos-no-Jd-Fepasa_c_62-768x512.jpg 768w, https:\/\/jundiai.sp.gov.br\/noticias\/wp-content\/uploads\/sites\/32\/2017\/07\/Acao-Servicos-Publicos-no-Jd-Fepasa_c_62-1160x774.jpg 1160w\" sizes=\"auto, (max-width: 1240px) 100vw, 1240px\" \/><\/a><p id=\"caption-attachment-202311\" class=\"wp-caption-text\">Descarte irregular de entulho e lixo \u00e9 crime ambiental; prefeitura intensifica fiscaliza\u00e7\u00e3o contra infratores e realiza campanha de conscientiza\u00e7\u00e3o<\/p><\/div>\n<p>A circula\u00e7\u00e3o do carro de som acontecer\u00e1 na sexta-feira (28), das 9h \u00e0s 12h e das 14h \u00e0s 16h, e, no s\u00e1bado (29), das 9h \u00e0s 13h, pelas ruas dos bairros Engordadouro, Santo Antonio, Morada das Vinhas, Cecap, Parque Centen\u00e1rio e Vista Alegre. De acordo com o diretor de Limpeza P\u00fablica da UGISP, M\u00e1rcio Moraes, a iniciativa ser\u00e1 levada para toda a cidade. \u201cCome\u00e7amos pelo vetor Oeste e agora chegamos ao Norte. A campanha frisa a necessidade de as pessoas se conscientizarem sobre o descarte correto dos res\u00edduos s\u00f3lidos. A cidade disponibiliza Ecopontos para o atendimento, al\u00e9m do Geresol\u201d, salienta.<\/p>\n<p>Os recicl\u00e1veis, al\u00e9m de recebidos nos Ecopontos, s\u00e3o coletados duas vezes por semana, pela Coleta Seletiva. As informa\u00e7\u00f5es sobre datas de passagem das coletas (lixo org\u00e2nico, recicl\u00e1veis e Cata-treco) nas ruas e os endere\u00e7os dos Ecopontos podem ser visualizados no site da Prefeitura de Jundia\u00ed ou pelo aplicativo \u2018Jundia\u00ed\u2019, dispon\u00edvel para smartphones Android e IPhone, ou ainda pelo 156.<\/p>\n<p>Desde o in\u00edcio do m\u00eas, sete autua\u00e7\u00f5es de crime ambiental de descarte irregular foram registradas pelos fiscais da unidade.<\/p>\n<p><em><strong>Assessoria de Imprensa<br \/>\nFoto: Fot\u00f3grafos PMJ<\/strong><\/em><\/p>\n","protected":false},"excerpt":{"rendered":"<p>\u201cJundia\u00ed, quem curte trata bem!\u201d prossegue neste fim de semana e visa orientar a popula\u00e7\u00e3o quanto ao descarte correto de lixo e de entulho<\/p>\n","protected":false},"author":30,"featured_media":202317,"comment_status":"closed","ping_status":"closed","sticky":false,"template":"","format":"standard","meta":{"footnotes":""},"categories":[2],"tags":[985],"ods":[],"class_list":["post-202310","post","type-post","status-publish","format-standard","has-post-thumbnail","hentry","category-noticias","tag-infraestrutura-e-servicos-publicos"],"_links":{"self":[{"href":"https:\/\/jundiai.sp.gov.br\/noticias\/wp-json\/wp\/v2\/posts\/202310","targetHints":{"allow":["GET"]}}],"collection":[{"href":"https:\/\/jundiai.sp.gov.br\/noticias\/wp-json\/wp\/v2\/posts"}],"about":[{"href":"https:\/\/jundiai.sp.gov.br\/noticias\/wp-json\/wp\/v2\/types\/post"}],"author":[{"embeddable":true,"href":"https:\/\/jundiai.sp.gov.br\/noticias\/wp-json\/wp\/v2\/users\/30"}],"replies":[{"embeddable":true,"href":"https:\/\/jundiai.sp.gov.br\/noticias\/wp-json\/wp\/v2\/comments?post=202310"}],"version-history":[{"count":9,"href":"https:\/\/jundiai.sp.gov.br\/noticias\/wp-json\/wp\/v2\/posts\/202310\/revisions"}],"predecessor-version":[{"id":202321,"href":"https:\/\/jundiai.sp.gov.br\/noticias\/wp-json\/wp\/v2\/posts\/202310\/revisions\/202321"}],"wp:featuredmedia":[{"embeddable":true,"href":"https:\/\/jundiai.sp.gov.br\/noticias\/wp-json\/wp\/v2\/media\/202317"}],"wp:attachment":[{"href":"https:\/\/jundiai.sp.gov.br\/noticias\/wp-json\/wp\/v2\/media?parent=202310"}],"wp:term":[{"taxonomy":"category","embeddable":true,"href":"https:\/\/jundiai.sp.gov.br\/noticias\/wp-json\/wp\/v2\/categories?post=202310"},{"taxonomy":"post_tag","embeddable":true,"href":"https:\/\/jundiai.sp.gov.br\/noticias\/wp-json\/wp\/v2\/tags?post=202310"},{"taxonomy":"ods","embeddable":true,"href":"https:\/\/jundiai.sp.gov.br\/noticias\/wp-json\/wp\/v2\/ods?post=202310"}],"curies":[{"name":"wp","href":"https:\/\/api.w.org\/{rel}","templated":true}]}}