{"id":202506,"date":"2017-07-31T14:31:37","date_gmt":"2017-07-31T17:31:37","guid":{"rendered":"https:\/\/jundiai.sp.gov.br\/noticias\/?p=202506"},"modified":"2017-08-07T09:33:02","modified_gmt":"2017-08-07T12:33:02","slug":"comdema-permanece-com-inscricoes-abertas","status":"publish","type":"post","link":"https:\/\/jundiai.sp.gov.br\/noticias\/2017\/07\/31\/comdema-permanece-com-inscricoes-abertas\/","title":{"rendered":"Comdema permanece com inscri\u00e7\u00f5es abertas"},"content":{"rendered":"<div id=\"attachment_202507\" style=\"width: 410px\" class=\"wp-caption alignright\"><a href=\"https:\/\/jundiai.sp.gov.br\/noticias\/wp-content\/uploads\/sites\/32\/2017\/07\/serra_do_japi2-1.jpg\"><img loading=\"lazy\" decoding=\"async\" aria-describedby=\"caption-attachment-202507\" class=\"size-full wp-image-202507\" src=\"https:\/\/jundiai.sp.gov.br\/noticias\/wp-content\/uploads\/sites\/32\/2017\/07\/serra_do_japi2-1.jpg\" alt=\"\" width=\"400\" height=\"350\" \/><\/a><p id=\"caption-attachment-202507\" class=\"wp-caption-text\">Comdema mant\u00e9m inscri\u00e7\u00f5es abertas para alguns setores representativos da sociedade<\/p><\/div>\n<p><strong>As inscri\u00e7\u00f5es para os interessados em concorrer para a composi\u00e7\u00e3o do Conselho Municipal de Defesa do Meio Ambiente (Comdema) continua em aberto para representantes de sindicatos dos trabalhadores e entidades comunit\u00e1rias de bairros. A elei\u00e7\u00e3o para representatividade da sociedade civil est\u00e1 prevista para o dia 23 de agosto. A convoca\u00e7\u00e3o ser\u00e1 publicada na Imprensa Oficial.<\/strong><\/p>\n<p><strong>LEIA TAMB\u00c9M<\/strong><br \/>\n<a href=\"https:\/\/jundiai.sp.gov.br\/noticias\/2017\/07\/28\/profissionais-participam-de-atividade-sobre-educacao-ambiental\/\">Profissionais participam de atividade sobre educa\u00e7\u00e3o ambiental<\/a><br \/>\n<a href=\"https:\/\/jundiai.sp.gov.br\/noticias\/2017\/07\/18\/lei-de-congelamento-da-serra-do-japi-protege-a-biodiversidade\/\">Lei de \u2018Congelamento\u2019 da Serra do Japi protege a biodiversidade<\/a><\/p>\n<p>Para se inscrever ao conselho, o representante da entidade deve se cadastrar na Unidade de Gest\u00e3o de Planejamento Urbano e Meio Ambiente (5\u00ba andar \u2013 Ala Sul do Pa\u00e7o Municipal). Somente poder\u00e3o cadastrar-se entidades regularmente constitu\u00eddas h\u00e1 mais de dois anos em Jundia\u00ed. No ato do cadastramento dever\u00e3o ser apresentados: ficha de cadastro devidamente preenchida e assinada pelo atual respons\u00e1vel da entidade (obtida no site da PMJ); c\u00f3pia do CNPJ da entidade; c\u00f3pia do Estatuto da entidade; c\u00f3pia da ata que elegeu o atual respons\u00e1vel pela entidade e sua diretoria; comprovante de endere\u00e7o da entidade em Jundia\u00ed; e, o representante indicado pela entidade deve apresentar c\u00f3pia do RG e comprovante de endere\u00e7o em Jundia\u00ed.<\/p>\n<p>As fichas de inscri\u00e7\u00e3o est\u00e3o dispon\u00edveis no site da Prefeitura de Jundia\u00ed, na <a href=\"https:\/\/jundiai.sp.gov.br\/planejamento-e-meio-ambiente\/conselhos\/conselho-municipal-de-defesa-do-meio-ambiente-comdema\/\">Plataforma de Desenvolvimento Sustent\u00e1vel<\/a>.<br \/>\n<strong><br \/>\n<em>Assessoria de Imprensa<br \/>\nFoto: Fot\u00f3grafos PMJ<\/em><\/strong><\/p>\n","protected":false},"excerpt":{"rendered":"<p>Processo continua em aberto para representantes de sindicatos dos trabalhadores e entidades comunit\u00e1rias de bairros <\/p>\n","protected":false},"author":30,"featured_media":202563,"comment_status":"closed","ping_status":"closed","sticky":false,"template":"","format":"standard","meta":{"footnotes":""},"categories":[2],"tags":[498,984],"ods":[],"class_list":["post-202506","post","type-post","status-publish","format-standard","has-post-thumbnail","hentry","category-noticias","tag-conselho-de-defesa-do-meio-ambiente-comdema","tag-planejamento-urbano-e-meio-ambiente"],"_links":{"self":[{"href":"https:\/\/jundiai.sp.gov.br\/noticias\/wp-json\/wp\/v2\/posts\/202506","targetHints":{"allow":["GET"]}}],"collection":[{"href":"https:\/\/jundiai.sp.gov.br\/noticias\/wp-json\/wp\/v2\/posts"}],"about":[{"href":"https:\/\/jundiai.sp.gov.br\/noticias\/wp-json\/wp\/v2\/types\/post"}],"author":[{"embeddable":true,"href":"https:\/\/jundiai.sp.gov.br\/noticias\/wp-json\/wp\/v2\/users\/30"}],"replies":[{"embeddable":true,"href":"https:\/\/jundiai.sp.gov.br\/noticias\/wp-json\/wp\/v2\/comments?post=202506"}],"version-history":[{"count":9,"href":"https:\/\/jundiai.sp.gov.br\/noticias\/wp-json\/wp\/v2\/posts\/202506\/revisions"}],"predecessor-version":[{"id":202820,"href":"https:\/\/jundiai.sp.gov.br\/noticias\/wp-json\/wp\/v2\/posts\/202506\/revisions\/202820"}],"wp:featuredmedia":[{"embeddable":true,"href":"https:\/\/jundiai.sp.gov.br\/noticias\/wp-json\/wp\/v2\/media\/202563"}],"wp:attachment":[{"href":"https:\/\/jundiai.sp.gov.br\/noticias\/wp-json\/wp\/v2\/media?parent=202506"}],"wp:term":[{"taxonomy":"category","embeddable":true,"href":"https:\/\/jundiai.sp.gov.br\/noticias\/wp-json\/wp\/v2\/categories?post=202506"},{"taxonomy":"post_tag","embeddable":true,"href":"https:\/\/jundiai.sp.gov.br\/noticias\/wp-json\/wp\/v2\/tags?post=202506"},{"taxonomy":"ods","embeddable":true,"href":"https:\/\/jundiai.sp.gov.br\/noticias\/wp-json\/wp\/v2\/ods?post=202506"}],"curies":[{"name":"wp","href":"https:\/\/api.w.org\/{rel}","templated":true}]}}