{"id":202780,"date":"2017-08-03T12:24:47","date_gmt":"2017-08-03T15:24:47","guid":{"rendered":"https:\/\/jundiai.sp.gov.br\/noticias\/?p=202780"},"modified":"2017-08-11T11:43:52","modified_gmt":"2017-08-11T14:43:52","slug":"empresa-planeja-transformar-unidade-de-jundiai-em-polo-exportador-de-caneta-esferografica","status":"publish","type":"post","link":"https:\/\/jundiai.sp.gov.br\/noticias\/2017\/08\/03\/empresa-planeja-transformar-unidade-de-jundiai-em-polo-exportador-de-caneta-esferografica\/","title":{"rendered":"Empresa quer transformar unidade de Jundia\u00ed em polo exportador de caneta"},"content":{"rendered":"<p><strong>Durante encontro com o prefeito Luiz Fernando Machado, na manh\u00e3 desta quinta-feira (3), executivos da Pilot Pen (fabricante de canetas especiais) afirmaram que est\u00e1 nos planos da empresa transformar a f\u00e1brica de Jundia\u00ed em um polo exportador de uma caneta esferogr\u00e1fica lan\u00e7ada recentemente pelo grupo, totalmente desenvolvida e fabricada na cidade. A empresa, que emprega diretamente cerca de 170 pessoas no munic\u00edpio, det\u00e9m atualmente 90% do mercado de marcadores de texto no Pa\u00eds.<\/strong><\/p>\n<p>Tamb\u00e9m participaram da reuni\u00e3o representantes da Klabin, que emprega cerca de 1 mil pessoas em suas duas unidades em Jundia\u00ed e \u00e9 l\u00edder no mercado nacional de pap\u00e9is, cart\u00f5es e embalagens. Os executivos da empresa falaram sobre os investimentos feitos recentemente na cidade e demonstraram otimismo em rela\u00e7\u00e3o ao futuro da economia local.<\/p>\n<p><strong>LEIA TAMB\u00c9M<\/strong><br \/>\n<a href=\"https:\/\/jundiai.sp.gov.br\/noticias\/2017\/07\/28\/equipe-da-unidade-de-governo-faz-visita-tecnica-no-sao-camilo\/\">Equipe da Unidade de Governo faz visita t\u00e9cnica no S\u00e3o Camilo<\/a><br \/>\n<a href=\"https:\/\/jundiai.sp.gov.br\/noticias\/2017\/07\/27\/prefeito-recebe-empresarios-e-discute-parcerias-para-promover-desenvolvimento\/\">Prefeito discute parcerias para promover desenvolvimento<\/a><\/p>\n<p>O prefeito Luiz Fernando Machado ressaltou que melhorar a rela\u00e7\u00e3o entre o poder p\u00fablico e a iniciativa privada \u00e9 uma das prioridades desta gest\u00e3o. \u201cQueremos atuar como facilitadores do desenvolvimento. N\u00e3o mediremos esfor\u00e7os para apoiar iniciativas que gerem emprego e renda em nossa cidade\u201d, pontuou.<\/p>\n<div id=\"attachment_202782\" style=\"width: 410px\" class=\"wp-caption alignleft\"><a href=\"https:\/\/jundiai.sp.gov.br\/noticias\/wp-content\/uploads\/sites\/32\/2017\/08\/caf\u00e9-da-manh\u00e3_gabinete-38.jpg\"><img loading=\"lazy\" decoding=\"async\" aria-describedby=\"caption-attachment-202782\" src=\"https:\/\/jundiai.sp.gov.br\/noticias\/wp-content\/uploads\/sites\/32\/2017\/08\/caf\u00e9-da-manh\u00e3_gabinete-38.jpg\" alt=\"\" width=\"400\" height=\"350\" class=\"size-full wp-image-202782\" \/><\/a><p id=\"caption-attachment-202782\" class=\"wp-caption-text\">Empres\u00e1rios conversaram com o prefeito sobre investimentos na regi\u00e3o<br \/><\/p><\/div>\n<p>O gestor da Unidade de Governo e Finan\u00e7as, Jos\u00e9 Antonio Parimoschi, aproveitou a ocasi\u00e3o para apresentar o novo modelo de gest\u00e3o por plataformas de servi\u00e7os adotados nesta gest\u00e3o, que visa melhorar a efici\u00eancia dos servi\u00e7os prestados \u00e0 popula\u00e7\u00e3o.<\/p>\n<p>A ideia desses encontros entre o chefe do Executivo e empres\u00e1rios \u2013 que v\u00eam sendo realizados desde maio \u2013 consiste em promover uma aproxima\u00e7\u00e3o em busca de uma sinergia que contribua para encontrar sa\u00eddas para a crise, al\u00e9m de discutir investimentos sociais e produtivos para a cidade.<\/p>\n<p>Tamb\u00e9m participaram da reuni\u00e3o o gestor Messias Mercadante (Desenvolvimento, Ci\u00eancia e Tecnologia), al\u00e9m dos diretores Gilson Pichioli (Fomento \u00e0 Ind\u00fastria), C\u00e9lia Castro (do Fundo Social de Solidariedade) e do assessor Carmelo Paoletti Neto (Coopera\u00e7\u00e3o Internacional).<\/p>\n<p><em><strong>Assessoria de Imprensa<br \/>\nFoto: Fot\u00f3grafos PMJ<\/strong><\/em><\/p>\n","protected":false},"excerpt":{"rendered":"<p>Empres\u00e1rios demonstraram interesse em continuar a investir na cidade e otimismo em rela\u00e7\u00e3o ao futuro da economia local<\/p>\n","protected":false},"author":30,"featured_media":202788,"comment_status":"closed","ping_status":"closed","sticky":false,"template":"","format":"standard","meta":{"footnotes":""},"categories":[2],"tags":[365,416,983,138,58],"ods":[],"class_list":["post-202780","post","type-post","status-publish","format-standard","has-post-thumbnail","hentry","category-noticias","tag-desenvolvimento-economico-ciencia-e-tecnologia","tag-fundo-social-de-solidariedade-funss","tag-governo-e-financas","tag-paco-municipal","tag-prefeito"],"_links":{"self":[{"href":"https:\/\/jundiai.sp.gov.br\/noticias\/wp-json\/wp\/v2\/posts\/202780","targetHints":{"allow":["GET"]}}],"collection":[{"href":"https:\/\/jundiai.sp.gov.br\/noticias\/wp-json\/wp\/v2\/posts"}],"about":[{"href":"https:\/\/jundiai.sp.gov.br\/noticias\/wp-json\/wp\/v2\/types\/post"}],"author":[{"embeddable":true,"href":"https:\/\/jundiai.sp.gov.br\/noticias\/wp-json\/wp\/v2\/users\/30"}],"replies":[{"embeddable":true,"href":"https:\/\/jundiai.sp.gov.br\/noticias\/wp-json\/wp\/v2\/comments?post=202780"}],"version-history":[{"count":9,"href":"https:\/\/jundiai.sp.gov.br\/noticias\/wp-json\/wp\/v2\/posts\/202780\/revisions"}],"predecessor-version":[{"id":202791,"href":"https:\/\/jundiai.sp.gov.br\/noticias\/wp-json\/wp\/v2\/posts\/202780\/revisions\/202791"}],"wp:featuredmedia":[{"embeddable":true,"href":"https:\/\/jundiai.sp.gov.br\/noticias\/wp-json\/wp\/v2\/media\/202788"}],"wp:attachment":[{"href":"https:\/\/jundiai.sp.gov.br\/noticias\/wp-json\/wp\/v2\/media?parent=202780"}],"wp:term":[{"taxonomy":"category","embeddable":true,"href":"https:\/\/jundiai.sp.gov.br\/noticias\/wp-json\/wp\/v2\/categories?post=202780"},{"taxonomy":"post_tag","embeddable":true,"href":"https:\/\/jundiai.sp.gov.br\/noticias\/wp-json\/wp\/v2\/tags?post=202780"},{"taxonomy":"ods","embeddable":true,"href":"https:\/\/jundiai.sp.gov.br\/noticias\/wp-json\/wp\/v2\/ods?post=202780"}],"curies":[{"name":"wp","href":"https:\/\/api.w.org\/{rel}","templated":true}]}}