{"id":202954,"date":"2017-08-05T15:28:56","date_gmt":"2017-08-05T18:28:56","guid":{"rendered":"https:\/\/jundiai.sp.gov.br\/noticias\/?p=202954"},"modified":"2017-08-05T15:28:56","modified_gmt":"2017-08-05T18:28:56","slug":"procon-participa-de-acao-social-no-jardim-do-lago","status":"publish","type":"post","link":"https:\/\/jundiai.sp.gov.br\/noticias\/2017\/08\/05\/procon-participa-de-acao-social-no-jardim-do-lago\/","title":{"rendered":"Procon participa de a\u00e7\u00e3o social no Jardim do Lago"},"content":{"rendered":"<p><div id=\"attachment_202955\" style=\"width: 410px\" class=\"wp-caption alignright\"><a href=\"https:\/\/jundiai.sp.gov.br\/noticias\/wp-content\/uploads\/sites\/32\/2017\/08\/IMG-20170805-WA0008.jpg\"><img loading=\"lazy\" decoding=\"async\" aria-describedby=\"caption-attachment-202955\" src=\"https:\/\/jundiai.sp.gov.br\/noticias\/wp-content\/uploads\/sites\/32\/2017\/08\/IMG-20170805-WA0008.jpg\" alt=\"\" width=\"400\" height=\"350\" class=\"size-full wp-image-202955\" \/><\/a><p id=\"caption-attachment-202955\" class=\"wp-caption-text\">Procon orienta consumidores sobre como proceder em problemas de rela\u00e7\u00e3o de consumo<br \/><\/p><\/div><strong>Entre 9h e 16h deste s\u00e1bado (05), o Procon Jundia\u00ed participa de uma a\u00e7\u00e3o social promovida pela Par\u00f3quia Nossa Senhora do Monte Negro, no Gin\u00e1sio Padre Lemmi, que fica na rua Jo\u00e3o Barbosa, 213, no Jardim do Lago. Quem passa pelo local tem a oportunidade de obter orienta\u00e7\u00f5es sobre como proceder em problemas de rela\u00e7\u00f5es de consumo e pode, inclusive, registrar alguma reclama\u00e7\u00e3o caso se sinta prejudicado.<\/strong><\/p>\n<p><strong>LEIA TAMB\u00c9M<\/strong><br \/>\n<a href=\"https:\/\/jundiai.sp.gov.br\/noticias\/2017\/08\/03\/procon-movel-chega-ao-terminal-colonia-nesta-sexta-feira-4\/\">Procon M\u00f3vel chega ao Terminal Col\u00f4nia nesta sexta-feira (4)<\/a><\/p>\n<p>Embora as reclama\u00e7\u00f5es possam ser registradas, o foco principal da participa\u00e7\u00e3o do \u00f3rg\u00e3o \u00e9 a orienta\u00e7\u00e3o, conforme explica a coordenadora do Procon Jundia\u00ed, Gabriela Glinternik. \u201cEstamos mostrando aos consumidores as diversas ferramentas tecnol\u00f3gicas que podem otimizar a solu\u00e7\u00e3o de problemas com fornecedores, especialmente o portal Consumidor.gov.br\u201d, destaca.<\/p>\n<p>A a\u00e7\u00e3o promovida pela par\u00f3quia conta, ainda, com aux\u00edlio jur\u00eddico gratuito, corte de cabelo, dentista e v\u00e1rias atividades para crian\u00e7as, como pula-pula, pintura facial e distribui\u00e7\u00e3o de pipoca. A organiza\u00e7\u00e3o pede tamb\u00e9m que seja doado 1kg de alimento n\u00e3o perec\u00edvel, que ser\u00e1 entregue para os Vicentinos.<\/p>\n<p><em><strong>Assessoria de Imprensa<br \/>\nFoto: Divulga\u00e7\u00e3o<\/strong><\/em><\/p>\n","protected":false},"excerpt":{"rendered":"<p>Entre 9h e 16h deste s\u00e1bado (05), o Procon Jundia\u00ed participa de uma a\u00e7\u00e3o social promovida pela Par\u00f3quia Nossa Senhora do Monte Negro, no Gin\u00e1sio Padre Lemmi, que fica na rua Jo\u00e3o Barbosa, 213, no Jardim do Lago. Quem passa pelo local tem a oportunidade de obter orienta\u00e7\u00f5es sobre como proceder em problemas de rela\u00e7\u00f5es [&hellip;]<\/p>\n","protected":false},"author":30,"featured_media":0,"comment_status":"closed","ping_status":"closed","sticky":false,"template":"","format":"standard","meta":{"footnotes":""},"categories":[2],"tags":[33],"ods":[],"class_list":["post-202954","post","type-post","status-publish","format-standard","hentry","category-noticias","tag-procon"],"_links":{"self":[{"href":"https:\/\/jundiai.sp.gov.br\/noticias\/wp-json\/wp\/v2\/posts\/202954","targetHints":{"allow":["GET"]}}],"collection":[{"href":"https:\/\/jundiai.sp.gov.br\/noticias\/wp-json\/wp\/v2\/posts"}],"about":[{"href":"https:\/\/jundiai.sp.gov.br\/noticias\/wp-json\/wp\/v2\/types\/post"}],"author":[{"embeddable":true,"href":"https:\/\/jundiai.sp.gov.br\/noticias\/wp-json\/wp\/v2\/users\/30"}],"replies":[{"embeddable":true,"href":"https:\/\/jundiai.sp.gov.br\/noticias\/wp-json\/wp\/v2\/comments?post=202954"}],"version-history":[{"count":2,"href":"https:\/\/jundiai.sp.gov.br\/noticias\/wp-json\/wp\/v2\/posts\/202954\/revisions"}],"predecessor-version":[{"id":202957,"href":"https:\/\/jundiai.sp.gov.br\/noticias\/wp-json\/wp\/v2\/posts\/202954\/revisions\/202957"}],"wp:attachment":[{"href":"https:\/\/jundiai.sp.gov.br\/noticias\/wp-json\/wp\/v2\/media?parent=202954"}],"wp:term":[{"taxonomy":"category","embeddable":true,"href":"https:\/\/jundiai.sp.gov.br\/noticias\/wp-json\/wp\/v2\/categories?post=202954"},{"taxonomy":"post_tag","embeddable":true,"href":"https:\/\/jundiai.sp.gov.br\/noticias\/wp-json\/wp\/v2\/tags?post=202954"},{"taxonomy":"ods","embeddable":true,"href":"https:\/\/jundiai.sp.gov.br\/noticias\/wp-json\/wp\/v2\/ods?post=202954"}],"curies":[{"name":"wp","href":"https:\/\/api.w.org\/{rel}","templated":true}]}}