{"id":203163,"date":"2017-08-08T18:01:36","date_gmt":"2017-08-08T21:01:36","guid":{"rendered":"https:\/\/jundiai.sp.gov.br\/noticias\/?p=203163"},"modified":"2017-08-08T18:01:36","modified_gmt":"2017-08-08T21:01:36","slug":"ggim-e-comite-intermunicipal-se-reunem-para-criar-grupos-interdisciplinares","status":"publish","type":"post","link":"https:\/\/jundiai.sp.gov.br\/noticias\/2017\/08\/08\/ggim-e-comite-intermunicipal-se-reunem-para-criar-grupos-interdisciplinares\/","title":{"rendered":"GGIM e Comit\u00ea Intermunicipal se re\u00fanem para criar grupos interdisciplinares"},"content":{"rendered":"<p><div id=\"attachment_203165\" style=\"width: 410px\" class=\"wp-caption alignright\"><a href=\"https:\/\/jundiai.sp.gov.br\/noticias\/wp-content\/uploads\/sites\/32\/2017\/08\/GGIMproteSerra.jpg\"><img loading=\"lazy\" decoding=\"async\" aria-describedby=\"caption-attachment-203165\" src=\"https:\/\/jundiai.sp.gov.br\/noticias\/wp-content\/uploads\/sites\/32\/2017\/08\/GGIMproteSerra.jpg\" alt=\"\" width=\"400\" height=\"350\" class=\"size-full wp-image-203165\" \/><\/a><p id=\"caption-attachment-203165\" class=\"wp-caption-text\">Comit\u00ea Intermunicipal de Prote\u00e7\u00e3o da Serra do Japi define pr\u00f3ximas metas para o andamento dos trabalhos<br \/><\/p><\/div><strong>Para tratar de temas comuns ligados \u00e0 preserva\u00e7\u00e3o da Serra do Japi, o assessor especial para assuntos de seguran\u00e7a e coordenador-executivo do Gabinete de Gest\u00e3o Integrada Municipal (GGIM), Lu\u00eds Eduardo Bailoni Mu\u00f1os, e a superintendente da Funda\u00e7\u00e3o Serra do Japi, V\u00e2nia Plaza Nunes, participaram de uma reuni\u00e3o na sede da Guarda Municipal de Cabre\u00fava, onde foram recepcionados pelo secret\u00e1rio de seguran\u00e7a p\u00fablica do munic\u00edpio, Flavio Katinskas, e pelo comandante da Corpora\u00e7\u00e3o, Nelson batalha Junior.<\/strong><\/p>\n<p><strong>LEIA TAMB\u00c9M<\/strong><br \/>\n<a href=\"https:\/\/jundiai.sp.gov.br\/noticias\/2017\/08\/07\/canil-realiza-showdog-e-atrai-centenas-de-pessoas-que-lotaram-a-praca-da-matriz\/\">Canil realiza showdog e atrai centenas de pessoas que lotaram a pra\u00e7a da Matriz<\/a><\/p>\n<p>Dentre os principais assuntos abordados, destaque para a defini\u00e7\u00e3o de um contato futuro com os representantes dos munic\u00edpios de Cajamar e Pirapora do Bom Jesus para dar in\u00edcio \u00e0s tratativas que definir\u00e3o um diagn\u00f3stico situacional da Serra do Japi. \u201cCom essa integra\u00e7\u00e3o entre os munic\u00edpios ser\u00e1 poss\u00edvel dar continuidade aos trabalhos de mapeamento e plano de conting\u00eancia, com o envolvimento dos moradores da Serra do Japi na estrutura\u00e7\u00e3o das propostas\u201d, explicou o coordenador do GGIM.<\/p>\n<p>Durante o encontro, os participantes refor\u00e7aram tamb\u00e9m a import\u00e2ncia do envolvimento de toda a comunidade da regi\u00e3o para a preserva\u00e7\u00e3o ambiental da \u00e1rea, com a cria\u00e7\u00e3o efetiva de grupos de trabalhos interdisciplinares incluindo os moradores da regi\u00e3o, escolas, igrejas, empresas, jipeiros, ciclistas e motoclubes, entre outros.<\/p>\n<p>Tamb\u00e9m participaram da reuni\u00e3o F\u00e1bio Campos Rog\u00e9rio, da Funda\u00e7\u00e3o Serra do Japi; Paulo Almeida, gestor da APA Jundia\u00ed e Manuel P. A. Neto (ambos representando a Funda\u00e7\u00e3o Florestal); Glic\u00e9rio Arruda, da Defesa Civil; Rosimeire Rabelo Timporim e Andrea Manami Yoshikawa, profissionais da Unidade de Gest\u00e3o de Planejamento Urbano e Meio Ambiente (UGPUMA).<\/p>\n<p><em><strong>Assessoria de Imprensa GMJ<br \/>\nFoto: Assessoria de Imprensa GMJ<\/strong><\/em><\/p>\n","protected":false},"excerpt":{"rendered":"<p>Para tratar de temas comuns ligados \u00e0 preserva\u00e7\u00e3o da Serra do Japi, o assessor especial para assuntos de seguran\u00e7a e coordenador-executivo do Gabinete de Gest\u00e3o Integrada Municipal (GGIM), Lu\u00eds Eduardo Bailoni Mu\u00f1os, e a superintendente da Funda\u00e7\u00e3o Serra do Japi, V\u00e2nia Plaza Nunes, participaram de uma reuni\u00e3o na sede da Guarda Municipal de Cabre\u00fava, onde [&hellip;]<\/p>\n","protected":false},"author":30,"featured_media":0,"comment_status":"closed","ping_status":"closed","sticky":false,"template":"","format":"standard","meta":{"footnotes":""},"categories":[2],"tags":[574,250,31],"ods":[],"class_list":["post-203163","post","type-post","status-publish","format-standard","hentry","category-noticias","tag-fundacao-serra-do-japi","tag-gabinete-de-gestao-integrada-municipal-ggim","tag-guarda-municipal"],"_links":{"self":[{"href":"https:\/\/jundiai.sp.gov.br\/noticias\/wp-json\/wp\/v2\/posts\/203163","targetHints":{"allow":["GET"]}}],"collection":[{"href":"https:\/\/jundiai.sp.gov.br\/noticias\/wp-json\/wp\/v2\/posts"}],"about":[{"href":"https:\/\/jundiai.sp.gov.br\/noticias\/wp-json\/wp\/v2\/types\/post"}],"author":[{"embeddable":true,"href":"https:\/\/jundiai.sp.gov.br\/noticias\/wp-json\/wp\/v2\/users\/30"}],"replies":[{"embeddable":true,"href":"https:\/\/jundiai.sp.gov.br\/noticias\/wp-json\/wp\/v2\/comments?post=203163"}],"version-history":[{"count":3,"href":"https:\/\/jundiai.sp.gov.br\/noticias\/wp-json\/wp\/v2\/posts\/203163\/revisions"}],"predecessor-version":[{"id":203167,"href":"https:\/\/jundiai.sp.gov.br\/noticias\/wp-json\/wp\/v2\/posts\/203163\/revisions\/203167"}],"wp:attachment":[{"href":"https:\/\/jundiai.sp.gov.br\/noticias\/wp-json\/wp\/v2\/media?parent=203163"}],"wp:term":[{"taxonomy":"category","embeddable":true,"href":"https:\/\/jundiai.sp.gov.br\/noticias\/wp-json\/wp\/v2\/categories?post=203163"},{"taxonomy":"post_tag","embeddable":true,"href":"https:\/\/jundiai.sp.gov.br\/noticias\/wp-json\/wp\/v2\/tags?post=203163"},{"taxonomy":"ods","embeddable":true,"href":"https:\/\/jundiai.sp.gov.br\/noticias\/wp-json\/wp\/v2\/ods?post=203163"}],"curies":[{"name":"wp","href":"https:\/\/api.w.org\/{rel}","templated":true}]}}