{"id":203168,"date":"2017-08-08T18:06:53","date_gmt":"2017-08-08T21:06:53","guid":{"rendered":"https:\/\/jundiai.sp.gov.br\/noticias\/?p=203168"},"modified":"2017-08-08T18:06:53","modified_gmt":"2017-08-08T21:06:53","slug":"programacao-da-semana-do-bebe-segue-com-atividades","status":"publish","type":"post","link":"https:\/\/jundiai.sp.gov.br\/noticias\/2017\/08\/08\/programacao-da-semana-do-bebe-segue-com-atividades\/","title":{"rendered":"Programa\u00e7\u00e3o da Semana do Beb\u00ea segue com atividades"},"content":{"rendered":"<p><div id=\"attachment_203170\" style=\"width: 410px\" class=\"wp-caption alignright\"><a href=\"https:\/\/jundiai.sp.gov.br\/noticias\/wp-content\/uploads\/sites\/32\/2017\/08\/semana-do-beb\u00ea-121.jpg\"><img loading=\"lazy\" decoding=\"async\" aria-describedby=\"caption-attachment-203170\" src=\"https:\/\/jundiai.sp.gov.br\/noticias\/wp-content\/uploads\/sites\/32\/2017\/08\/semana-do-beb\u00ea-121.jpg\" alt=\"\" width=\"400\" height=\"350\" class=\"size-full wp-image-203170\" \/><\/a><p id=\"caption-attachment-203170\" class=\"wp-caption-text\">Foram ensinados movimentos e manobras da shantala para m\u00e3es e gestantes<br \/><\/p><\/div><strong>A 6\u00aa Semana Regional do Beb\u00ea continua nesta semana com programa\u00e7\u00e3o estendida em algumas das Unidades B\u00e1sicas de Sa\u00fade (UBSs), Centros de Refer\u00eancia em Assist\u00eancia Social (Cras) e outros equipamentos p\u00fablicos da cidade. Nesta ter\u00e7a-feira (8), o Centro de Conviv\u00eancia, Cultura, Trabalho e Gera\u00e7\u00e3o de Renda (CECCO) no Parque Continental, recebeu cerca de trinta participantes para uma programa\u00e7\u00e3o ao longo da tarde, atendendo aos usu\u00e1rios das UBSs do Morada das Vinhas, Vila Hortol\u00e2ndia e Vila Marlene.<\/strong><\/p>\n<p><a href=\"https:\/\/jundiai.sp.gov.br\/noticias\/2017\/07\/28\/programacao-semana-do-bebe\/\" target=\"_blank\" rel=\"noopener noreferrer\"><strong>CONFIRA A PROGRAMA\u00c7\u00c3O COMPLETA<\/strong><\/a><\/p>\n<p>O evento faz parte do calend\u00e1rio do programa S\u00e3o Paulo pela Primeir\u00edssima Inf\u00e2ncia e \u00e9 promovido por meio das Unidades de Gest\u00e3o de Promo\u00e7\u00e3o da Sa\u00fade, Assist\u00eancia e Desenvolvimento Social, Educa\u00e7\u00e3o e do Fundo Social de Solidariedade. A programa\u00e7\u00e3o coincide ainda com as comemora\u00e7\u00f5es da 25\u00aa Semana Mundial de Aleitamento Materno.<\/p>\n<p>Mirele Santos foi acompanhada do filho Davi Miguel, de 20 dias, e participou do bate-papo com a coordenadora da Primeir\u00edssima Inf\u00e2ncia no Munic\u00edpio, Rita Stringari, sobre amamenta\u00e7\u00e3o e alimentos. \u201cFiquei sabendo da programa\u00e7\u00e3o atrav\u00e9s de uma indica\u00e7\u00e3o da agente de sa\u00fade que nos acompanha. Acho muito interessante poder expor e sanar as minhas d\u00favidas\u201d, comemora Mirele.<\/p>\n<p><div id=\"attachment_203172\" style=\"width: 410px\" class=\"wp-caption alignleft\"><a href=\"https:\/\/jundiai.sp.gov.br\/noticias\/wp-content\/uploads\/sites\/32\/2017\/08\/semana-do-beb\u00ea-16.jpg\"><img loading=\"lazy\" decoding=\"async\" aria-describedby=\"caption-attachment-203172\" src=\"https:\/\/jundiai.sp.gov.br\/noticias\/wp-content\/uploads\/sites\/32\/2017\/08\/semana-do-beb\u00ea-16.jpg\" alt=\"\" width=\"400\" height=\"350\" class=\"size-full wp-image-203172\" \/><\/a><p id=\"caption-attachment-203172\" class=\"wp-caption-text\">Programa\u00e7\u00e3o da Semana do Beb\u00ea coincide comemora\u00e7\u00f5es da 25\u00aa Semana Mundial de Aleitamento Materno<br \/><\/p><\/div>Rita destaca o contato com as m\u00e3es, beb\u00eas e gestantes como uma oportunidade. \u201cQuando nos reunimos, juntamos conhecimento e descobrimos n\u00e3o somente novas demandas que surgem, mas tamb\u00e9m experi\u00eancias positivas.\u201d<\/p>\n<p>Ap\u00f3s a conversa sobre amamenta\u00e7\u00e3o, agentes de sa\u00fade promoveram uma oficina de shantala, uma t\u00e9cnica de massagem indiana que acalma os beb\u00eas e permite a cria\u00e7\u00e3o e v\u00ednculos entre as m\u00e3es e os filhos. Foram ensinados movimentos e manobras para as m\u00e3es, que puderam aplic\u00e1-los em seus filhos, e para as gestantes, que ensaiaram em bonecos.<\/p>\n<p>J\u00e1 as crian\u00e7as de mais idade, acompanhadas de suas m\u00e3es, puderam acompanhar um teatro de fantoches sobre higiene bucal. Atrav\u00e9s de bonecos como um dentista, uma escova de dentes e uma bact\u00e9ria, encena\u00e7\u00e3o promovida pela odont\u00f3loga Jussara Vidal e por agentes de sa\u00fade tratou da preven\u00e7\u00e3o a c\u00e1ries e \u00e0 placa bacteriana, al\u00e9m de dicas sobre escova\u00e7\u00e3o e uso do fio dental.<\/p>\n<p>A programa\u00e7\u00e3o no CECCO se encerrou com uma apresenta\u00e7\u00e3o musical e lanche comunit\u00e1rio dos participantes.<\/p>\n<p>Faculdade de Medicina de Jundia\u00ed (FMJ), Senac, Sesc, Maxi Shopping Jundia\u00ed, Jundia\u00ed Shopping, Moviecom, P\u00e3o de A\u00e7\u00facar e Lojas Passarela, C\u00e2mara dos Dirigentes Lojistas (CDL) e Coopercica s\u00e3o parceiros da Prefeitura na realiza\u00e7\u00e3o dos eventos espalhados pela cidade.<\/p>\n<p><strong><em>Assessoria de Imprensa<br \/>\nFotos: Fot\u00f3grafos PMJ<\/em><\/strong><\/p>\n","protected":false},"excerpt":{"rendered":"<p>A 6\u00aa Semana Regional do Beb\u00ea continua nesta semana com programa\u00e7\u00e3o estendida em algumas das Unidades B\u00e1sicas de Sa\u00fade (UBSs), Centros de Refer\u00eancia em Assist\u00eancia Social (Cras) e outros equipamentos p\u00fablicos da cidade. Nesta ter\u00e7a-feira (8), o Centro de Conviv\u00eancia, Cultura, Trabalho e Gera\u00e7\u00e3o de Renda (CECCO) no Parque Continental, recebeu cerca de trinta participantes [&hellip;]<\/p>\n","protected":false},"author":30,"featured_media":0,"comment_status":"closed","ping_status":"closed","sticky":false,"template":"","format":"standard","meta":{"footnotes":""},"categories":[2],"tags":[980,6,416,981],"ods":[],"class_list":["post-203168","post","type-post","status-publish","format-standard","hentry","category-noticias","tag-assistencia-e-desenvolvimento-social","tag-educacao","tag-fundo-social-de-solidariedade-funss","tag-promocao-da-saude"],"_links":{"self":[{"href":"https:\/\/jundiai.sp.gov.br\/noticias\/wp-json\/wp\/v2\/posts\/203168","targetHints":{"allow":["GET"]}}],"collection":[{"href":"https:\/\/jundiai.sp.gov.br\/noticias\/wp-json\/wp\/v2\/posts"}],"about":[{"href":"https:\/\/jundiai.sp.gov.br\/noticias\/wp-json\/wp\/v2\/types\/post"}],"author":[{"embeddable":true,"href":"https:\/\/jundiai.sp.gov.br\/noticias\/wp-json\/wp\/v2\/users\/30"}],"replies":[{"embeddable":true,"href":"https:\/\/jundiai.sp.gov.br\/noticias\/wp-json\/wp\/v2\/comments?post=203168"}],"version-history":[{"count":3,"href":"https:\/\/jundiai.sp.gov.br\/noticias\/wp-json\/wp\/v2\/posts\/203168\/revisions"}],"predecessor-version":[{"id":203173,"href":"https:\/\/jundiai.sp.gov.br\/noticias\/wp-json\/wp\/v2\/posts\/203168\/revisions\/203173"}],"wp:attachment":[{"href":"https:\/\/jundiai.sp.gov.br\/noticias\/wp-json\/wp\/v2\/media?parent=203168"}],"wp:term":[{"taxonomy":"category","embeddable":true,"href":"https:\/\/jundiai.sp.gov.br\/noticias\/wp-json\/wp\/v2\/categories?post=203168"},{"taxonomy":"post_tag","embeddable":true,"href":"https:\/\/jundiai.sp.gov.br\/noticias\/wp-json\/wp\/v2\/tags?post=203168"},{"taxonomy":"ods","embeddable":true,"href":"https:\/\/jundiai.sp.gov.br\/noticias\/wp-json\/wp\/v2\/ods?post=203168"}],"curies":[{"name":"wp","href":"https:\/\/api.w.org\/{rel}","templated":true}]}}