{"id":203284,"date":"2017-08-10T15:25:16","date_gmt":"2017-08-10T18:25:16","guid":{"rendered":"https:\/\/jundiai.sp.gov.br\/noticias\/?p=203284"},"modified":"2017-10-24T12:31:28","modified_gmt":"2017-10-24T14:31:28","slug":"prefeitura-fortalece-vinculo-com-moradores-da-vila-dignidade","status":"publish","type":"post","link":"https:\/\/jundiai.sp.gov.br\/noticias\/2017\/08\/10\/prefeitura-fortalece-vinculo-com-moradores-da-vila-dignidade\/","title":{"rendered":"Prefeitura fortalece v\u00ednculo com moradores da \u2018Vila Dignidade\u2019"},"content":{"rendered":"<div id=\"attachment_203286\" style=\"width: 410px\" class=\"wp-caption alignleft\"><a href=\"https:\/\/jundiai.sp.gov.br\/noticias\/wp-content\/uploads\/sites\/32\/2017\/08\/aniversario-_vila_dignidade-10.jpg\"><img loading=\"lazy\" decoding=\"async\" aria-describedby=\"caption-attachment-203286\" class=\"size-full wp-image-203286\" src=\"https:\/\/jundiai.sp.gov.br\/noticias\/wp-content\/uploads\/sites\/32\/2017\/08\/aniversario-_vila_dignidade-10.jpg\" alt=\"\" width=\"400\" height=\"350\" \/><\/a><p id=\"caption-attachment-203286\" class=\"wp-caption-text\">Moradores comemoram o terceiro anivers\u00e1rio da Vila<\/p><\/div>\n<p><strong>Os 18 moradores da Vila Dignidade assopraram as velas em comemora\u00e7\u00e3o pelo terceiro anivers\u00e1rio do espa\u00e7o onde moram. Com a proposta de abrigar idosos em situa\u00e7\u00e3o de risco ou de vulnerabilidade social, permitindo sua autonomia e independ\u00eancia, a Vila possui 16 casas, al\u00e9m de espa\u00e7o de conviv\u00eancia e \u00e1reas de refrig\u00e9rio.<\/strong><\/p>\n<p><strong>LEIA TAMB\u00c9M<\/strong><strong><br \/>\n<a href=\"https:\/\/jundiai.sp.gov.br\/noticias\/2017\/08\/09\/lei-de-protecao-ao-aleitamento-materno-e-tema-de-capacitacao\/\">Lei de prote\u00e7\u00e3o ao aleitamento materno \u00e9 tema de capacita\u00e7\u00e3o<\/a><\/strong><\/p>\n<p>Entre os moradores, as amigas Sandra Jacinto, h\u00e1 dois anos na vila, e Suzana de Souza, h\u00e1 um, aproveitaram o momento de confraterniza\u00e7\u00e3o. \u201cSomos vizinhas e convivemos muito. Trocamos receitas culin\u00e1rias e uma ajuda a outra, por exemplo, com servi\u00e7os de costura. Ficamos muito felizes com a iniciativa da Prefeitura, atrav\u00e9s da UGADS, em tomar a frente de realizar esta festa que j\u00e1 estava na nossa ideia. \u00c9 a primeira festa que a Prefeitura realiza para n\u00f3s\u201d, respondem em un\u00edssono.<\/p>\n<p>A gestora da UGADS, N\u00e1dia Taffarello Soares, falou sobre a import\u00e2ncia do acompanhamento dos servi\u00e7os. \u201cOs gestores das Unidades devem estar pr\u00f3ximos aos usu\u00e1rios dos servi\u00e7os oferecidos pela Prefeitura, em conson\u00e2ncia com a proposta de governo do prefeito Luiz Fernando Machado. Isso explica a minha alegria em compartilhar este momento com eles.\u201d<\/p>\n<div id=\"attachment_203287\" style=\"width: 410px\" class=\"wp-caption alignright\"><a href=\"https:\/\/jundiai.sp.gov.br\/noticias\/wp-content\/uploads\/sites\/32\/2017\/08\/aniversario_vila_dignidade-67.jpg\"><img loading=\"lazy\" decoding=\"async\" aria-describedby=\"caption-attachment-203287\" class=\"size-full wp-image-203287\" src=\"https:\/\/jundiai.sp.gov.br\/noticias\/wp-content\/uploads\/sites\/32\/2017\/08\/aniversario_vila_dignidade-67.jpg\" alt=\"\" width=\"400\" height=\"350\" \/><\/a><p id=\"caption-attachment-203287\" class=\"wp-caption-text\">As amigas Sandra e Susana aproveitaram o momento de confraterniza\u00e7\u00e3o<\/p><\/div>\n<p><b>Funcionamento<\/b><br \/>\nA Vila Dignidade, que fica na regi\u00e3o do Jardim Tamoio, foi trazida a Jundia\u00ed\u00a0por meio da Companhia de Desenvolvimento Habitacional e Urbano (CDHU) do governo estadual e o referenciamento \u00e9 feito pela Unidade de Assist\u00eancia e Desenvolvimento Social (UGADS), com encaminhamento de moradores feito via Centro de Refer\u00eancia de Assist\u00eancia Social (Cras) e Centro de Refer\u00eancia Especializado da Assist\u00eancia Social (Creas), ap\u00f3s triagem de assistentes sociais e psic\u00f3logos.<\/p>\n<p>O encaminhamento \u00e9 feito a idosos com v\u00ednculos familiares fragilizados e rompidos, sem rede de apoio, mas que consigam se manter autonomamente, sem a necessidade de cuidadores. Os moradores n\u00e3o arcam com despesas de aluguel ou condom\u00ednio, possuem parceria com a DAE para o abastecimento de \u00e1gua, pagam tarifa reduzida de eletricidade pelo Cadastro \u00danico e devem arcar com as despesas do g\u00e1s consumido.<\/p>\n<p>No espa\u00e7o, os idosos residem sozinhos ou com os c\u00f4njuges em casas t\u00e9rreas, de sala e cozinha conjugadas, quarto, banheiro, lavanderia e \u00e1rea externa. Na Vila os moradores s\u00e3o atendidos por um funcion\u00e1rio operacional, respons\u00e1vel pela manuten\u00e7\u00e3o do espa\u00e7o, e por uma t\u00e9cnica de enfermagem, que faz o contato dos moradores com a rede de atendimento de sa\u00fade.<\/p>\n<p>O idoso pode se manter na Vila por tempo indeterminado, enquanto tiver autonomia e boas condi\u00e7\u00f5es f\u00edsicas e mentais. Nos casos de agravamento de condi\u00e7\u00f5es de sa\u00fade, \u00e9 feito o direcionamento \u00e0s institui\u00e7\u00f5es de longa perman\u00eancia com as quais a Prefeitura possui conv\u00eanio, como o Lar Nossa Senhora das Gra\u00e7as, Shangril\u00e1 e Cidade Vicentina.<\/p>\n<p><strong><em>Assessoria de Imprensa<br \/>\nFotos: Fot\u00f3grafos PMJ<\/em><\/strong><\/p>\n","protected":false},"excerpt":{"rendered":"<p>Com a proposta de abrigar idosos em situa\u00e7\u00e3o de risco ou de vulnerabilidade social, permitindo sua autonomia e independ\u00eancia, a Vila possui 16 casas<\/p>\n","protected":false},"author":30,"featured_media":203291,"comment_status":"closed","ping_status":"closed","sticky":false,"template":"","format":"standard","meta":{"footnotes":""},"categories":[2],"tags":[980,664,864],"ods":[],"class_list":["post-203284","post","type-post","status-publish","format-standard","has-post-thumbnail","hentry","category-noticias","tag-assistencia-e-desenvolvimento-social","tag-centro-de-referencia-de-assistencia-social-cras","tag-centro-de-referencia-especializado-em-assistencia-social-creas"],"_links":{"self":[{"href":"https:\/\/jundiai.sp.gov.br\/noticias\/wp-json\/wp\/v2\/posts\/203284","targetHints":{"allow":["GET"]}}],"collection":[{"href":"https:\/\/jundiai.sp.gov.br\/noticias\/wp-json\/wp\/v2\/posts"}],"about":[{"href":"https:\/\/jundiai.sp.gov.br\/noticias\/wp-json\/wp\/v2\/types\/post"}],"author":[{"embeddable":true,"href":"https:\/\/jundiai.sp.gov.br\/noticias\/wp-json\/wp\/v2\/users\/30"}],"replies":[{"embeddable":true,"href":"https:\/\/jundiai.sp.gov.br\/noticias\/wp-json\/wp\/v2\/comments?post=203284"}],"version-history":[{"count":8,"href":"https:\/\/jundiai.sp.gov.br\/noticias\/wp-json\/wp\/v2\/posts\/203284\/revisions"}],"predecessor-version":[{"id":205475,"href":"https:\/\/jundiai.sp.gov.br\/noticias\/wp-json\/wp\/v2\/posts\/203284\/revisions\/205475"}],"wp:featuredmedia":[{"embeddable":true,"href":"https:\/\/jundiai.sp.gov.br\/noticias\/wp-json\/wp\/v2\/media\/203291"}],"wp:attachment":[{"href":"https:\/\/jundiai.sp.gov.br\/noticias\/wp-json\/wp\/v2\/media?parent=203284"}],"wp:term":[{"taxonomy":"category","embeddable":true,"href":"https:\/\/jundiai.sp.gov.br\/noticias\/wp-json\/wp\/v2\/categories?post=203284"},{"taxonomy":"post_tag","embeddable":true,"href":"https:\/\/jundiai.sp.gov.br\/noticias\/wp-json\/wp\/v2\/tags?post=203284"},{"taxonomy":"ods","embeddable":true,"href":"https:\/\/jundiai.sp.gov.br\/noticias\/wp-json\/wp\/v2\/ods?post=203284"}],"curies":[{"name":"wp","href":"https:\/\/api.w.org\/{rel}","templated":true}]}}