{"id":203311,"date":"2017-08-10T16:39:25","date_gmt":"2017-08-10T19:39:25","guid":{"rendered":"https:\/\/jundiai.sp.gov.br\/noticias\/?p=203311"},"modified":"2017-08-11T18:29:50","modified_gmt":"2017-08-11T21:29:50","slug":"saude-segue-com-vacinacao-contra-a-febre-amarela-casa-a-casa","status":"publish","type":"post","link":"https:\/\/jundiai.sp.gov.br\/noticias\/2017\/08\/10\/saude-segue-com-vacinacao-contra-a-febre-amarela-casa-a-casa\/","title":{"rendered":"Sa\u00fade segue com vacina\u00e7\u00e3o contra a febre amarela \u2018casa a casa\u2019"},"content":{"rendered":"<p><div id=\"attachment_203312\" style=\"width: 410px\" class=\"wp-caption alignright\"><a href=\"https:\/\/jundiai.sp.gov.br\/noticias\/wp-content\/uploads\/sites\/32\/2017\/08\/vacina\u00e7\u00e3o.jpg\"><img loading=\"lazy\" decoding=\"async\" aria-describedby=\"caption-attachment-203312\" src=\"https:\/\/jundiai.sp.gov.br\/noticias\/wp-content\/uploads\/sites\/32\/2017\/08\/vacina\u00e7\u00e3o.jpg\" alt=\"\" width=\"400\" height=\"350\" class=\"size-full wp-image-203312\" \/><\/a><p id=\"caption-attachment-203312\" class=\"wp-caption-text\">Vacina\u00e7\u00e3o contra a febre amarela acontece neste s\u00e1bado, em alguns bairros de Jundia\u00ed<br \/><\/p><\/div><strong>A Unidade de Gest\u00e3o em Promo\u00e7\u00e3o da Sa\u00fade (UGPS) retoma neste s\u00e1bado (12), das 8h30 \u00e0s 16h30, a vacina\u00e7\u00e3o contra a febre amarela. Desta vez, as equipes da Aten\u00e7\u00e3o B\u00e1sica estar\u00e3o nos bairros Bom Jardim, Gramad\u00e3o, Fazenda Ribeir\u00e3o, Centro de Engenharia e Automa\u00e7\u00e3o do Instituto Agron\u00f4mico de Campinas (CAIC), Fazenda Ermida e parte da Malota, al\u00e9m do bairro dos Fernandes.<\/strong><\/p>\n<p><strong>LEIA TAMB\u00c9M<\/strong><br \/>\n<a href=\"https:\/\/jundiai.sp.gov.br\/noticias\/2017\/08\/10\/ubs-do-caxambu-recebe-melhorias-com-acao-de-moradores\/\">UBS do Caxambu recebe melhorias com a\u00e7\u00e3o de moradores<\/a><\/p>\n<p>A vacina\u00e7\u00e3o ser\u00e1 \u2018casa a casa\u2019, e n\u00e3o nas Unidades B\u00e1sicas de Sa\u00fade (UBS), sendo, desta forma, disponibilizada somente para os moradores dos bairros citados. Assim, para receber a dose \u00e9 necess\u00e1ria a carteira de vacina\u00e7\u00e3o (se houver), recomenda\u00e7\u00e3o v\u00e1lida inclusive para as crian\u00e7as. Para orienta\u00e7\u00e3o, a UGPS esclarece que a vacina tem dose \u00fanica, por isso quem j\u00e1 foi imunizado est\u00e1 dispensado desta vacina\u00e7\u00e3o.<\/p>\n<p>De acordo com a enfermeira da Vigil\u00e2ncia Epidemiol\u00f3gica, Maria do Carmo Possidente, estes bairros eram os que ainda faltavam para a cobertura total da zona rural de Jundia\u00ed. Durante a \u00faltima vacina\u00e7\u00e3o, realizada em julho, foram aplicadas 470 doses. \u201cA expectativa \u00e9 sempre obter uma boa cobertura e, assim, manter o munic\u00edpio em uma situa\u00e7\u00e3o privilegiada, ou seja, sem registro da doen\u00e7a\u201d, conclui.<\/p>\n<p><em><strong>Assessoria de Imprensa<br \/>\nFoto: Divulga\u00e7\u00e3o<\/strong><\/em><\/p>\n","protected":false},"excerpt":{"rendered":"<p>As equipes estar\u00e3o no Bom Jardim, Gramad\u00e3o, Fazenda Ribeir\u00e3o, CAIC, Fazenda Ermida e parte da Malota, al\u00e9m do bairro dos Fernandes<\/p>\n","protected":false},"author":30,"featured_media":203317,"comment_status":"closed","ping_status":"closed","sticky":false,"template":"","format":"standard","meta":{"footnotes":""},"categories":[2],"tags":[981,317],"ods":[],"class_list":["post-203311","post","type-post","status-publish","format-standard","has-post-thumbnail","hentry","category-noticias","tag-promocao-da-saude","tag-vigilancia-epidemiologica"],"_links":{"self":[{"href":"https:\/\/jundiai.sp.gov.br\/noticias\/wp-json\/wp\/v2\/posts\/203311","targetHints":{"allow":["GET"]}}],"collection":[{"href":"https:\/\/jundiai.sp.gov.br\/noticias\/wp-json\/wp\/v2\/posts"}],"about":[{"href":"https:\/\/jundiai.sp.gov.br\/noticias\/wp-json\/wp\/v2\/types\/post"}],"author":[{"embeddable":true,"href":"https:\/\/jundiai.sp.gov.br\/noticias\/wp-json\/wp\/v2\/users\/30"}],"replies":[{"embeddable":true,"href":"https:\/\/jundiai.sp.gov.br\/noticias\/wp-json\/wp\/v2\/comments?post=203311"}],"version-history":[{"count":4,"href":"https:\/\/jundiai.sp.gov.br\/noticias\/wp-json\/wp\/v2\/posts\/203311\/revisions"}],"predecessor-version":[{"id":203318,"href":"https:\/\/jundiai.sp.gov.br\/noticias\/wp-json\/wp\/v2\/posts\/203311\/revisions\/203318"}],"wp:featuredmedia":[{"embeddable":true,"href":"https:\/\/jundiai.sp.gov.br\/noticias\/wp-json\/wp\/v2\/media\/203317"}],"wp:attachment":[{"href":"https:\/\/jundiai.sp.gov.br\/noticias\/wp-json\/wp\/v2\/media?parent=203311"}],"wp:term":[{"taxonomy":"category","embeddable":true,"href":"https:\/\/jundiai.sp.gov.br\/noticias\/wp-json\/wp\/v2\/categories?post=203311"},{"taxonomy":"post_tag","embeddable":true,"href":"https:\/\/jundiai.sp.gov.br\/noticias\/wp-json\/wp\/v2\/tags?post=203311"},{"taxonomy":"ods","embeddable":true,"href":"https:\/\/jundiai.sp.gov.br\/noticias\/wp-json\/wp\/v2\/ods?post=203311"}],"curies":[{"name":"wp","href":"https:\/\/api.w.org\/{rel}","templated":true}]}}