{"id":203522,"date":"2017-08-16T16:39:51","date_gmt":"2017-08-16T19:39:51","guid":{"rendered":"https:\/\/jundiai.sp.gov.br\/noticias\/?p=203522"},"modified":"2017-08-16T16:39:51","modified_gmt":"2017-08-16T19:39:51","slug":"empreendedorismo-jovem-e-tema-de-evento","status":"publish","type":"post","link":"https:\/\/jundiai.sp.gov.br\/noticias\/2017\/08\/16\/empreendedorismo-jovem-e-tema-de-evento\/","title":{"rendered":"Empreendedorismo jovem \u00e9 tema de evento"},"content":{"rendered":"<div id=\"attachment_203523\" style=\"width: 410px\" class=\"wp-caption alignright\"><a href=\"https:\/\/jundiai.sp.gov.br\/noticias\/wp-content\/uploads\/sites\/32\/2017\/08\/Evento-juventude.jpg\"><img loading=\"lazy\" decoding=\"async\" aria-describedby=\"caption-attachment-203523\" class=\"size-full wp-image-203523\" src=\"https:\/\/jundiai.sp.gov.br\/noticias\/wp-content\/uploads\/sites\/32\/2017\/08\/Evento-juventude.jpg\" alt=\"\" width=\"400\" height=\"350\" \/><\/a><p id=\"caption-attachment-203523\" class=\"wp-caption-text\">Cerca de 90 jovens participaram de evento sobre empreendedorismo promovido pela Assessoria<\/p><\/div>\n<p><strong>A Assessoria de Pol\u00edticas para Juventude da Prefeitura de Jundia\u00ed promoveu, em parceria com o Senac, um encontro entre estudantes e especialistas em empreendedorismo com o objetivo de introduzir e difundir a cultura empreendedora entre os participantes. O evento foi realizado na sexta-feira (11) e contou com a presen\u00e7a de cerca de 90 alunos do Programa de Aprendizagem da institui\u00e7\u00e3o.<\/strong><\/p>\n<p>Os alunos assistiram a duas palestras: a primeira apresentada por Marcelo Duarte, analista de neg\u00f3cios s\u00eanior da unidade do SEBRAE-SP em Jundia\u00ed, que explorou o tema \u201cEmpreendedorismo e Inova\u00e7\u00e3o\u201d, e a segunda comandada por Renato Xavier de Lima, jovem empreendedor fundador da startup Epicentro Digital, que passou alguns meses fazendo uma imers\u00e3o no Vale do Sil\u00edcio, Calif\u00f3rnia (EUA). O assessor de Pol\u00edticas para a Juventude da Prefeitura, Samuel Duarte, tamb\u00e9m participou do encontro.<br \/>\n<em><br \/>\n<strong>Assessoria de Imprensa<br \/>\nFoto: Divulga\u00e7\u00e3o<\/strong><\/em><\/p>\n","protected":false},"excerpt":{"rendered":"<p>A Assessoria de Pol\u00edticas para Juventude da Prefeitura de Jundia\u00ed promoveu, em parceria com o Senac, um encontro entre estudantes e especialistas em empreendedorismo com o objetivo de introduzir e difundir a cultura empreendedora entre os participantes. O evento foi realizado na sexta-feira (11) e contou com a presen\u00e7a de cerca de 90 alunos do [&hellip;]<\/p>\n","protected":false},"author":30,"featured_media":0,"comment_status":"closed","ping_status":"closed","sticky":false,"template":"","format":"standard","meta":{"footnotes":""},"categories":[2],"tags":[991,62,252],"ods":[],"class_list":["post-203522","post","type-post","status-publish","format-standard","hentry","category-noticias","tag-assessoria-de-politicas-para-a-juventude","tag-casa-civil","tag-senac"],"_links":{"self":[{"href":"https:\/\/jundiai.sp.gov.br\/noticias\/wp-json\/wp\/v2\/posts\/203522","targetHints":{"allow":["GET"]}}],"collection":[{"href":"https:\/\/jundiai.sp.gov.br\/noticias\/wp-json\/wp\/v2\/posts"}],"about":[{"href":"https:\/\/jundiai.sp.gov.br\/noticias\/wp-json\/wp\/v2\/types\/post"}],"author":[{"embeddable":true,"href":"https:\/\/jundiai.sp.gov.br\/noticias\/wp-json\/wp\/v2\/users\/30"}],"replies":[{"embeddable":true,"href":"https:\/\/jundiai.sp.gov.br\/noticias\/wp-json\/wp\/v2\/comments?post=203522"}],"version-history":[{"count":2,"href":"https:\/\/jundiai.sp.gov.br\/noticias\/wp-json\/wp\/v2\/posts\/203522\/revisions"}],"predecessor-version":[{"id":203525,"href":"https:\/\/jundiai.sp.gov.br\/noticias\/wp-json\/wp\/v2\/posts\/203522\/revisions\/203525"}],"wp:attachment":[{"href":"https:\/\/jundiai.sp.gov.br\/noticias\/wp-json\/wp\/v2\/media?parent=203522"}],"wp:term":[{"taxonomy":"category","embeddable":true,"href":"https:\/\/jundiai.sp.gov.br\/noticias\/wp-json\/wp\/v2\/categories?post=203522"},{"taxonomy":"post_tag","embeddable":true,"href":"https:\/\/jundiai.sp.gov.br\/noticias\/wp-json\/wp\/v2\/tags?post=203522"},{"taxonomy":"ods","embeddable":true,"href":"https:\/\/jundiai.sp.gov.br\/noticias\/wp-json\/wp\/v2\/ods?post=203522"}],"curies":[{"name":"wp","href":"https:\/\/api.w.org\/{rel}","templated":true}]}}