{"id":203781,"date":"2017-08-19T13:24:55","date_gmt":"2017-08-19T16:24:55","guid":{"rendered":"https:\/\/jundiai.sp.gov.br\/noticias\/?p=203781"},"modified":"2017-08-19T13:24:55","modified_gmt":"2017-08-19T16:24:55","slug":"feirantes-jundiaienses-participam-de-capacitacao-em-piracicaba","status":"publish","type":"post","link":"https:\/\/jundiai.sp.gov.br\/noticias\/2017\/08\/19\/feirantes-jundiaienses-participam-de-capacitacao-em-piracicaba\/","title":{"rendered":"Feirantes jundiaienses participam de capacita\u00e7\u00e3o em Piracicaba"},"content":{"rendered":"<p><div id=\"attachment_203782\" style=\"width: 410px\" class=\"wp-caption alignright\"><a href=\"https:\/\/jundiai.sp.gov.br\/noticias\/wp-content\/uploads\/sites\/32\/2017\/08\/capacita\u00e7\u00e3o-feirantes-02.jpeg\"><img loading=\"lazy\" decoding=\"async\" aria-describedby=\"caption-attachment-203782\" src=\"https:\/\/jundiai.sp.gov.br\/noticias\/wp-content\/uploads\/sites\/32\/2017\/08\/capacita\u00e7\u00e3o-feirantes-02.jpeg\" alt=\"\" width=\"400\" height=\"350\" class=\"size-full wp-image-203782\" \/><\/a><p id=\"caption-attachment-203782\" class=\"wp-caption-text\">Grupo recebeu orienta\u00e7\u00f5es sobre manuseio e armazenagem de alimentos minimamente processados<br \/><\/p><\/div><strong>Um grupo de oito feirantes de Jundia\u00ed participou, durante a manh\u00e3 deste s\u00e1bado (19), de uma capacita\u00e7\u00e3o na Escola Superior de Agricultura Luiz de Queiroz (Esalq), da Universidade de S\u00e3o Paulo, em Piracicaba. O treinamento \u2013 viabilizado aos profissionais jundiaienses pela Unidade de Gest\u00e3o de Agroneg\u00f3cio, Abastecimento e Turismo (UGAAT) \u2013 teve como tema a manipula\u00e7\u00e3o de produtos minimamente processados, especialmente frutas e vegetais.<\/strong><\/p>\n<p><strong>LEIA TAMB\u00c9M<\/strong><br \/>\n<a href=\"https:\/\/jundiai.sp.gov.br\/noticias\/2017\/08\/18\/produtores-concluem-curso-de-producao-de-uvas-viniferas-na-etec-best\/\">Produtores concluem curso de produ\u00e7\u00e3o de uvas vin\u00edferas na Etec Best<\/a><\/p>\n<p>Segundo a diretora do Departamento de Abastecimento da UGAAT, Ver\u00f4nica Pavan, a participa\u00e7\u00e3o no treinamento foi muito importante na medida em que o processo correto dos produtos \u00e9 fundamental para garantir a qualidade do servi\u00e7o oferecido \u00e0 popula\u00e7\u00e3o. \u201cEsta era uma necessidade que identificamos no dia a dia de contato com os feirantes\u201d, explicou. A capacita\u00e7\u00e3o faz parte dos eventos comemorativos ao Dia do Feirante, celebrado na pr\u00f3xima sexta-feira (25).<\/p>\n<p>Quem teve a oportunidade de se aprimorar na Esalq aprovou a ideia. A feirante Maria de Jos\u00e9 Mota Silva, que trabalha com verduras e legumes, destacou a riqueza de informa\u00e7\u00f5es t\u00e9cnicas que obteve durante a capacita\u00e7\u00e3o. \u201cN\u00f3s trabalhamos com alimentos \u2018vivos\u2019 e, embora eu j\u00e1 tenha bastante pr\u00e1tica, muita coisa importante sobre conserva\u00e7\u00e3o e processamento eu n\u00e3o sabia. Aprendi cuidados essenciais com higiene e sobre o uso de m\u00e1quinas moderas tamb\u00e9m\u201d, afirmou.<\/p>\n<p><em><strong>Assessoria de Imprensa<br \/>\nFoto: Divulga\u00e7\u00e3o<\/strong><\/em><\/p>\n","protected":false},"excerpt":{"rendered":"<p>Um grupo de oito feirantes de Jundia\u00ed participou, durante a manh\u00e3 deste s\u00e1bado (19), de uma capacita\u00e7\u00e3o na Escola Superior de Agricultura Luiz de Queiroz (Esalq), da Universidade de S\u00e3o Paulo, em Piracicaba. O treinamento \u2013 viabilizado aos profissionais jundiaienses pela Unidade de Gest\u00e3o de Agroneg\u00f3cio, Abastecimento e Turismo (UGAAT) \u2013 teve como tema a [&hellip;]<\/p>\n","protected":false},"author":30,"featured_media":0,"comment_status":"closed","ping_status":"closed","sticky":false,"template":"","format":"standard","meta":{"footnotes":""},"categories":[2],"tags":[974],"ods":[],"class_list":["post-203781","post","type-post","status-publish","format-standard","hentry","category-noticias","tag-agronegocio-abastecimento-e-turismo"],"_links":{"self":[{"href":"https:\/\/jundiai.sp.gov.br\/noticias\/wp-json\/wp\/v2\/posts\/203781","targetHints":{"allow":["GET"]}}],"collection":[{"href":"https:\/\/jundiai.sp.gov.br\/noticias\/wp-json\/wp\/v2\/posts"}],"about":[{"href":"https:\/\/jundiai.sp.gov.br\/noticias\/wp-json\/wp\/v2\/types\/post"}],"author":[{"embeddable":true,"href":"https:\/\/jundiai.sp.gov.br\/noticias\/wp-json\/wp\/v2\/users\/30"}],"replies":[{"embeddable":true,"href":"https:\/\/jundiai.sp.gov.br\/noticias\/wp-json\/wp\/v2\/comments?post=203781"}],"version-history":[{"count":4,"href":"https:\/\/jundiai.sp.gov.br\/noticias\/wp-json\/wp\/v2\/posts\/203781\/revisions"}],"predecessor-version":[{"id":203786,"href":"https:\/\/jundiai.sp.gov.br\/noticias\/wp-json\/wp\/v2\/posts\/203781\/revisions\/203786"}],"wp:attachment":[{"href":"https:\/\/jundiai.sp.gov.br\/noticias\/wp-json\/wp\/v2\/media?parent=203781"}],"wp:term":[{"taxonomy":"category","embeddable":true,"href":"https:\/\/jundiai.sp.gov.br\/noticias\/wp-json\/wp\/v2\/categories?post=203781"},{"taxonomy":"post_tag","embeddable":true,"href":"https:\/\/jundiai.sp.gov.br\/noticias\/wp-json\/wp\/v2\/tags?post=203781"},{"taxonomy":"ods","embeddable":true,"href":"https:\/\/jundiai.sp.gov.br\/noticias\/wp-json\/wp\/v2\/ods?post=203781"}],"curies":[{"name":"wp","href":"https:\/\/api.w.org\/{rel}","templated":true}]}}